{"id":969,"date":"2014-08-14T16:31:54","date_gmt":"2014-08-14T14:31:54","guid":{"rendered":"http:\/\/www.aesthetic-cosmetic.com\/blog\/?p=969"},"modified":"2014-08-19T17:20:10","modified_gmt":"2014-08-19T15:20:10","slug":"fuspflege-zeigt-her-eure-fuse","status":"publish","type":"post","link":"https:\/\/www.aesthetic-cosmetic.com\/blog\/2014\/08\/fuspflege-zeigt-her-eure-fuse\/","title":{"rendered":"Fu\u00dfpflege: Zeigt her Eure F\u00fc\u00dfe &#8230;"},"content":{"rendered":"<p>In Anlehnung an unser Volksliedgut: Zeigt her Eure F\u00fc\u00dfe, zeigt her Eure Schuh und sehet den flei\u00dfigen &#8222;<strong><a title=\"Fu\u00dfpfleger lernen\" href=\"http:\/\/www.aesthetic-cosmetic.com\/kurse-seminare\/fusspflege-und-erweiterungen\/fusspflege.html\">Fu\u00dfpflegern<\/a><\/strong>&#8220; zu &#8230;<\/p>\n<p><a title=\"Fu\u00dfpfleger werden\" href=\"http:\/\/www.aesthetic-cosmetic.com\/kurse-seminare\/fusspflege-und-erweiterungen\/fusspflege.html\"><strong>Fu\u00dfpfleger<\/strong><\/a> bzw. <a title=\"Fu\u00dfpflegerin werden\" href=\"http:\/\/www.aesthetic-cosmetic.com\/kurse-seminare\/fusspflege-und-erweiterungen\/fusspflege.html\"><strong>Fu\u00dfpflegerin werden<\/strong><\/a>, ein hoch interessante und lohnenswerte Ausbildung! Die richtige Pflege der F\u00fc\u00dfe wird immer wichtiger, nicht nur weil die Alterspyramide allm\u00e4hlich &#8222;Kopf steht&#8220;, sondern auch weil unsere computerbedingt sitzenden beruflichen und privaten T\u00e4tigkeiten eine ganz besondere <strong><a title=\"medizinische Fu\u00dfpflege lernen\" href=\"http:\/\/www.aesthetic-cosmetic.com\/kurse-seminare\/fusspflege-und-erweiterungen\/fusspflege.html\">medizinische Fu\u00dfpflege<\/a><\/strong> verlangen.<\/p>\n<p>Merken Sie sich den n\u00e4chsten Termin: vom 29.09.2014 bis 02.10.2014 findet das n\u00e4chste Seminar zur <a title=\"Ausbildung medizinische Fu\u00dfpflege\" href=\"http:\/\/www.aesthetic-cosmetic.com\/kurse-seminare\/fusspflege-und-erweiterungen\/fusspflege.html\"><strong>Ausbildung in medizinischer Fu\u00dfpflege<\/strong><\/a> statt. Es stehen noch Pl\u00e4tze zur Verf\u00fcgung. Unsere Seminarleiter sind alles Profis, die die T\u00e4tigkeit der <a title=\"med. fu\u00dfpflege lernen\" href=\"http:\/\/www.aesthetic-cosmetic.com\/kurse-seminare\/fusspflege-und-erweiterungen\/fusspflege.html\"><strong>medizinischen Fu\u00dfpflege <\/strong><\/a>schon jahrelang im eigenen Studio durchf\u00fchren. Die Teilnehmer und Teilnehmerinnen am nach AZAV durch CertEuropa zertifizierten Lehrgang in <a title=\"med. fu\u00dfpflege lernen\" href=\"http:\/\/www.aesthetic-cosmetic.com\/kurse-seminare\/fusspflege-und-erweiterungen\/fusspflege.html\"><strong>medizinischer Fu\u00dfpflege<\/strong><\/a> erhalten Hilfen von erfahrenen Fu\u00dfpflegerinnen mit Zusatzausbildungen im p\u00e4dagogischen Bereich.<\/p>\n<figure id=\"attachment_980\" aria-describedby=\"caption-attachment-980\" style=\"width: 450px\" class=\"wp-caption aligncenter\"><a href=\"https:\/\/www.aesthetic-cosmetic.com\/blog\/wp-content\/uploads\/2014\/08\/Fotolia_17672186_L1.jpg\"><img loading=\"lazy\" decoding=\"async\" class=\"size-large wp-image-980\" title=\"Fu\u00dfmassage\" src=\"https:\/\/www.aesthetic-cosmetic.com\/blog\/wp-content\/uploads\/2014\/08\/Fotolia_17672186_L1-1024x680.jpg\" alt=\"\" width=\"450\" height=\"298\" srcset=\"https:\/\/www.aesthetic-cosmetic.com\/blog\/wp-content\/uploads\/2014\/08\/Fotolia_17672186_L1-1024x680.jpg 1024w, https:\/\/www.aesthetic-cosmetic.com\/blog\/wp-content\/uploads\/2014\/08\/Fotolia_17672186_L1-300x199.jpg 300w\" sizes=\"auto, (max-width: 450px) 100vw, 450px\" \/><\/a><figcaption id=\"caption-attachment-980\" class=\"wp-caption-text\">wohltuende, gesundheitsvorbeugende Fu\u00dfmassage<\/figcaption><\/figure>\n<p>Melden Sie sich zum <a title=\"med. fu\u00dfpflegeseminar\" href=\"http:\/\/www.aesthetic-cosmetic.com\/kurse-seminare\/fusspflege-und-erweiterungen\/fusspflege.html\"><strong>med. Fu\u00dfpflegesemina<\/strong>r<\/a> vom 29.09. bis 02.10.2014 an: Hier werden Sie geholfen!<\/p>\n<p>Ihre <a title=\"Fu\u00dfpflegeschule\" href=\"http:\/\/www.aesthetic-cosmetic.com\/kurse-seminare\/fusspflege-und-erweiterungen\/fusspflege.html\"><strong>Fu\u00dfpflegeschule<\/strong><\/a> von aesthetic + cosmetic<\/p>\n","protected":false},"excerpt":{"rendered":"<p>In Anlehnung an unser Volksliedgut: Zeigt her Eure F\u00fc\u00dfe, zeigt her Eure Schuh und sehet den flei\u00dfigen &#8222;Fu\u00dfpflegern&#8220; zu &#8230; Fu\u00dfpfleger bzw. Fu\u00dfpflegerin werden, ein hoch interessante und lohnenswerte Ausbildung! Die richtige Pflege der F\u00fc\u00dfe wird immer wichtiger, nicht nur weil die Alterspyramide allm\u00e4hlich &#8222;Kopf steht&#8220;, sondern auch weil unsere computerbedingt sitzenden beruflichen und privaten [&hellip;]<\/p>\n","protected":false},"author":2,"featured_media":0,"comment_status":"open","ping_status":"open","sticky":false,"template":"","format":"standard","meta":{"footnotes":""},"categories":[1,61,27],"tags":[23,33,32,31,30,29],"class_list":["post-969","post","type-post","status-publish","format-standard","hentry","category-allgemein","category-fuspflege","category-kurseseminare","tag-depilation","tag-fuspfleger","tag-fuspflegerinnen","tag-fuspflegeschule","tag-podologe","tag-podologin"],"_links":{"self":[{"href":"https:\/\/www.aesthetic-cosmetic.com\/blog\/wp-json\/wp\/v2\/posts\/969","targetHints":{"allow":["GET"]}}],"collection":[{"href":"https:\/\/www.aesthetic-cosmetic.com\/blog\/wp-json\/wp\/v2\/posts"}],"about":[{"href":"https:\/\/www.aesthetic-cosmetic.com\/blog\/wp-json\/wp\/v2\/types\/post"}],"author":[{"embeddable":true,"href":"https:\/\/www.aesthetic-cosmetic.com\/blog\/wp-json\/wp\/v2\/users\/2"}],"replies":[{"embeddable":true,"href":"https:\/\/www.aesthetic-cosmetic.com\/blog\/wp-json\/wp\/v2\/comments?post=969"}],"version-history":[{"count":7,"href":"https:\/\/www.aesthetic-cosmetic.com\/blog\/wp-json\/wp\/v2\/posts\/969\/revisions"}],"predecessor-version":[{"id":974,"href":"https:\/\/www.aesthetic-cosmetic.com\/blog\/wp-json\/wp\/v2\/posts\/969\/revisions\/974"}],"wp:attachment":[{"href":"https:\/\/www.aesthetic-cosmetic.com\/blog\/wp-json\/wp\/v2\/media?parent=969"}],"wp:term":[{"taxonomy":"category","embeddable":true,"href":"https:\/\/www.aesthetic-cosmetic.com\/blog\/wp-json\/wp\/v2\/categories?post=969"},{"taxonomy":"post_tag","embeddable":true,"href":"https:\/\/www.aesthetic-cosmetic.com\/blog\/wp-json\/wp\/v2\/tags?post=969"}],"curies":[{"name":"wp","href":"https:\/\/api.w.org\/{rel}","templated":true}]}}