{"id":95,"date":"2011-01-07T11:16:58","date_gmt":"2011-01-07T09:16:58","guid":{"rendered":"http:\/\/www.aesthetic-cosmetic.com\/blog\/?p=95"},"modified":"2011-01-07T11:22:33","modified_gmt":"2011-01-07T09:22:33","slug":"neu-ausbildung-make-up-fachfraumann-visagistin","status":"publish","type":"post","link":"https:\/\/www.aesthetic-cosmetic.com\/blog\/2011\/01\/neu-ausbildung-make-up-fachfraumann-visagistin\/","title":{"rendered":"NEU! AUSBILDUNG MAKE-UP FACHFRAU\/MANN &#8211; VISAGIST\/IN"},"content":{"rendered":"<p>Die <a title=\"Make-up Fachfrau und die Visagistin\" href=\"http:\/\/www.aesthetic-cosmetic.com\/fernstudium\/make-up-fachfraumann-visagistin.html\" target=\"_blank\">Make-up Fachfrau und die Visagistin<\/a> ist ein Beruf, der Kreativit\u00e4t, Spa\u00df an der Verwandlung und Einf\u00fchlungsverm\u00f6gen voraussetzt, um die Menschen ganz individuell ihrem Typ entsprechend zu behandeln.<br \/>\nSie schminkt und stylt Menschen f\u00fcr besondere Anl\u00e4sse bei Film, Fernsehen, Modenschauen und Fotoshootings, aber auch bei allgemeinen Anl\u00e4ssen im Beruf und im Alltag. Sie ber\u00e4t ihre Kundinnen und Kunden und verkauft ihnen professionelle, hochwertige Make-up-Produkte.<\/p>\n<p><strong>Beginn, Dauer und Preis der Visagisten Ausbildung<\/strong><br \/>\nMit dem Studium zum\/zur Make-up Fachfrau\/mann &#8211; Visagist\/in, das auch das <a title=\"Farbberaterin, Imageberaterin und Stilberaterin\" href=\"http:\/\/www.aesthetic-cosmetic.com\/fernstudium\/farb-stil-und-imageberaterin.html\">Studium zum\/zur\u00a0Farb und Stiberater\/in<\/a> einschlie\u00dft\u00a0k\u00f6nnen Sie jederzeit beginnen. Sie erhalten die folgenden Kurseinheiten jeweils zu Beginn des neuen Monats. Das Studium dauert in der Regel 10 Monate.\u2028 Den Preis entnehmen Sie bitte dem Anmeldeformular, das zum <a href=\"http:\/\/www.aesthetic-cosmetic.com\/tl_files\/aestetic_cosmetic\/files\/docs\/fernstudium-anmeldung.pdf\" target=\"_blank\">Download<\/a> bereitsteht.<\/p>\n<p><strong>Studiendauer bestimmen Sie<\/strong><br \/>\nDie oben aufgef\u00fchrte Studiendauer zum\/r Make-up Fachfrau\/mann &#8211; Visagistin inkl. Farb\u00a0und Stilberater\/in\u00a0stellt eine Regelstudienzeit dar, die von Ihnen individuell beschleunigt werden kann. K\u00f6nnen Sie Ihr Lernpensum zeitlich verk\u00fcrzen, so setzen Sie sich mit uns in Verbindung. Bestimmen Sie Ihre Lerngeschwindigkeit selbst!<\/p>\n","protected":false},"excerpt":{"rendered":"<p>Die Make-up Fachfrau und die Visagistin ist ein Beruf, der Kreativit\u00e4t, Spa\u00df an der Verwandlung und Einf\u00fchlungsverm\u00f6gen voraussetzt, um die Menschen ganz individuell ihrem Typ entsprechend zu behandeln. Sie schminkt und stylt Menschen f\u00fcr besondere Anl\u00e4sse bei Film, Fernsehen, Modenschauen und Fotoshootings, aber auch bei allgemeinen Anl\u00e4ssen im Beruf und im Alltag. Sie ber\u00e4t ihre [&hellip;]<\/p>\n","protected":false},"author":1,"featured_media":0,"comment_status":"open","ping_status":"open","sticky":false,"template":"","format":"standard","meta":{"footnotes":""},"categories":[1],"tags":[],"class_list":["post-95","post","type-post","status-publish","format-standard","hentry","category-allgemein"],"_links":{"self":[{"href":"https:\/\/www.aesthetic-cosmetic.com\/blog\/wp-json\/wp\/v2\/posts\/95","targetHints":{"allow":["GET"]}}],"collection":[{"href":"https:\/\/www.aesthetic-cosmetic.com\/blog\/wp-json\/wp\/v2\/posts"}],"about":[{"href":"https:\/\/www.aesthetic-cosmetic.com\/blog\/wp-json\/wp\/v2\/types\/post"}],"author":[{"embeddable":true,"href":"https:\/\/www.aesthetic-cosmetic.com\/blog\/wp-json\/wp\/v2\/users\/1"}],"replies":[{"embeddable":true,"href":"https:\/\/www.aesthetic-cosmetic.com\/blog\/wp-json\/wp\/v2\/comments?post=95"}],"version-history":[{"count":4,"href":"https:\/\/www.aesthetic-cosmetic.com\/blog\/wp-json\/wp\/v2\/posts\/95\/revisions"}],"predecessor-version":[{"id":97,"href":"https:\/\/www.aesthetic-cosmetic.com\/blog\/wp-json\/wp\/v2\/posts\/95\/revisions\/97"}],"wp:attachment":[{"href":"https:\/\/www.aesthetic-cosmetic.com\/blog\/wp-json\/wp\/v2\/media?parent=95"}],"wp:term":[{"taxonomy":"category","embeddable":true,"href":"https:\/\/www.aesthetic-cosmetic.com\/blog\/wp-json\/wp\/v2\/categories?post=95"},{"taxonomy":"post_tag","embeddable":true,"href":"https:\/\/www.aesthetic-cosmetic.com\/blog\/wp-json\/wp\/v2\/tags?post=95"}],"curies":[{"name":"wp","href":"https:\/\/api.w.org\/{rel}","templated":true}]}}