{"id":947,"date":"2014-08-01T13:35:05","date_gmt":"2014-08-01T11:35:05","guid":{"rendered":"http:\/\/www.aesthetic-cosmetic.com\/blog\/?p=947"},"modified":"2014-08-01T13:35:05","modified_gmt":"2014-08-01T11:35:05","slug":"produktschulung-an-der-kosmetikschule-bzw-kosmetikakademie","status":"publish","type":"post","link":"https:\/\/www.aesthetic-cosmetic.com\/blog\/2014\/08\/produktschulung-an-der-kosmetikschule-bzw-kosmetikakademie\/","title":{"rendered":"Produktschulung an der Kosmetikschule bzw. Kosmetikakademie"},"content":{"rendered":"<p>Seminartag unserer <a title=\"Kosmetikschule\" href=\"http:\/\/www.aesthetic-cosmetic.com\/fernstudium\/kosmetikerin.html\"><strong>Kosmetikschule<\/strong><\/a> bzw. <a title=\"Kosmetikakademie\" href=\"http:\/\/www.aesthetic-cosmetic.com\/fernstudium\/kosmetikerin.html\"><strong>Kosmetikakademie<\/strong><\/a> von <a title=\"\u00e4stetic und kosmetik\" href=\"http:\/\/www.aesthetic-cosmetic.com\/\"><strong>aesthetic + cosmetic<\/strong><\/a> f\u00fcr unsere Kunden und Kundinnen (Wiederverk\u00e4uferinnen) und f\u00fcr alle, die es werden wollen.<\/p>\n<p>Zum morgigen Termin am 2. August 2014, Beginn 10:00 Uhr sind noch Pl\u00e4tze frei. Wer Interesse hat und o.a. Voraussetzungen erf\u00fcllt, kann sich kurzfristig entscheiden und um 10:00 Uhr bei uns erscheinen. Die Teilnahme ist kostenlos.<\/p>\n<p>Shireen und Hans Peter Gerspacher werden Sie in unser Produktprogramm aus der Pflegeserie von <a title=\"Pflegeprodukte Biosmos\" href=\"http:\/\/www.aesthetic-cosmetic.com\/biosmos-hautpflegeprodukte\/biosmos-verkaufsprodukte.html\"><strong>Biosmos<\/strong><\/a>, Mailand, einf\u00fchren und am Nachmittage die Vorteile der<strong> <a title=\"Enthaarung lernen\" href=\"http:\/\/www.aesthetic-cosmetic.com\/kurse-seminare\/sugaring.html\">Enthaarungsmethode<\/a><\/strong> &#8222;<a title=\"Sugaring lernen\" href=\"http:\/\/www.aesthetic-cosmetic.com\/kurse-seminare\/sugaring.html\"><strong>Sugaring<\/strong><\/a> nach <a title=\"Kosmetikschule\" href=\"http:\/\/www.aesthetic-cosmetic.com\/\"><strong>aesthetic + cosmetic<\/strong><\/a>&#8220; mit Produkten von Holiday depilatori aus der Toskana auff\u00fchren.<\/p>\n<figure id=\"attachment_948\" aria-describedby=\"caption-attachment-948\" style=\"width: 450px\" class=\"wp-caption aligncenter\"><a href=\"https:\/\/www.aesthetic-cosmetic.com\/blog\/wp-content\/uploads\/2014\/08\/Produktabbildung-Anti-Aging_CMYK.jpg\"><img loading=\"lazy\" decoding=\"async\" class=\"size-large wp-image-948\" title=\"Produktabbildung Anti-Aging_CMYK\" src=\"https:\/\/www.aesthetic-cosmetic.com\/blog\/wp-content\/uploads\/2014\/08\/Produktabbildung-Anti-Aging_CMYK-535x1024.jpg\" alt=\"\" width=\"450\" height=\"861\" \/><\/a><figcaption id=\"caption-attachment-948\" class=\"wp-caption-text\">Anti Aging Serum pflanzliche Stammzellen von Biosmos<\/figcaption><\/figure>\n<p>Nutzen Sie Ihre Chancen und werden Sie erfolgreich in der Kosmetikbranche!<\/p>\n","protected":false},"excerpt":{"rendered":"<p>Seminartag unserer Kosmetikschule bzw. Kosmetikakademie von aesthetic + cosmetic f\u00fcr unsere Kunden und Kundinnen (Wiederverk\u00e4uferinnen) und f\u00fcr alle, die es werden wollen. Zum morgigen Termin am 2. August 2014, Beginn 10:00 Uhr sind noch Pl\u00e4tze frei. Wer Interesse hat und o.a. Voraussetzungen erf\u00fcllt, kann sich kurzfristig entscheiden und um 10:00 Uhr bei uns erscheinen. Die [&hellip;]<\/p>\n","protected":false},"author":2,"featured_media":0,"comment_status":"open","ping_status":"open","sticky":false,"template":"","format":"standard","meta":{"footnotes":""},"categories":[1,41,53,42,7,27],"tags":[36,22,50,20,23,40,6,35,51,43,74,24,21,34],"class_list":["post-947","post","type-post","status-publish","format-standard","hentry","category-allgemein","category-ausbildung","category-depilation-haarentfernung","category-kosmetik","category-kosmetikerin","category-kurseseminare","tag-ausbildung-zur-kosmetikerin","tag-body-sugaring","tag-brazilian-waxing","tag-dauerhafte-haarentfernung","tag-depilation","tag-diplomkosmetikerin","tag-fernlehrgang-zur-kosmetikerin","tag-haarentfernungswachs","tag-intim-enthaarung","tag-kosmetik-akademie","tag-kosmetikerin","tag-kosmetikschule","tag-sugaring","tag-waxing"],"_links":{"self":[{"href":"https:\/\/www.aesthetic-cosmetic.com\/blog\/wp-json\/wp\/v2\/posts\/947","targetHints":{"allow":["GET"]}}],"collection":[{"href":"https:\/\/www.aesthetic-cosmetic.com\/blog\/wp-json\/wp\/v2\/posts"}],"about":[{"href":"https:\/\/www.aesthetic-cosmetic.com\/blog\/wp-json\/wp\/v2\/types\/post"}],"author":[{"embeddable":true,"href":"https:\/\/www.aesthetic-cosmetic.com\/blog\/wp-json\/wp\/v2\/users\/2"}],"replies":[{"embeddable":true,"href":"https:\/\/www.aesthetic-cosmetic.com\/blog\/wp-json\/wp\/v2\/comments?post=947"}],"version-history":[{"count":2,"href":"https:\/\/www.aesthetic-cosmetic.com\/blog\/wp-json\/wp\/v2\/posts\/947\/revisions"}],"predecessor-version":[{"id":950,"href":"https:\/\/www.aesthetic-cosmetic.com\/blog\/wp-json\/wp\/v2\/posts\/947\/revisions\/950"}],"wp:attachment":[{"href":"https:\/\/www.aesthetic-cosmetic.com\/blog\/wp-json\/wp\/v2\/media?parent=947"}],"wp:term":[{"taxonomy":"category","embeddable":true,"href":"https:\/\/www.aesthetic-cosmetic.com\/blog\/wp-json\/wp\/v2\/categories?post=947"},{"taxonomy":"post_tag","embeddable":true,"href":"https:\/\/www.aesthetic-cosmetic.com\/blog\/wp-json\/wp\/v2\/tags?post=947"}],"curies":[{"name":"wp","href":"https:\/\/api.w.org\/{rel}","templated":true}]}}