{"id":934,"date":"2014-07-28T17:50:42","date_gmt":"2014-07-28T15:50:42","guid":{"rendered":"http:\/\/www.aesthetic-cosmetic.com\/blog\/?p=934"},"modified":"2014-07-28T17:50:42","modified_gmt":"2014-07-28T15:50:42","slug":"ausbildung-fachwirtin-fur-wellness-und-beauty-ihk-2","status":"publish","type":"post","link":"https:\/\/www.aesthetic-cosmetic.com\/blog\/2014\/07\/ausbildung-fachwirtin-fur-wellness-und-beauty-ihk-2\/","title":{"rendered":"Ausbildung Fachwirt\/in f\u00fcr Wellness und Beauty IHK (2)"},"content":{"rendered":"<p>Hier noch ein erg\u00e4nzendes Bild im Zusammenhang zum Blog vom 26.06.2014 mit dem Thema Ausbildung zum\/zur <a title=\"Fachwirt wellness Beauty\" href=\"http:\/\/www.aesthetic-cosmetic.com\/fernstudium\/fachwirtin-fuer-wellness-beauty-ihk.html\"><strong>Fachwirt\/in f\u00fcr Wellness und Beauty IHK<\/strong><\/a> bzw. <a title=\"Bachelor Wellness Beauty\" href=\"http:\/\/www.aesthetic-cosmetic.com\/fernstudium\/fachwirtin-fuer-wellness-beauty-ihk.html\"><strong>Bachelor Professional f\u00fcr Wellness and Beauty CCI<\/strong><\/a>: einige Teilnehmer nach der schriftlichen, aber noch vor der m\u00fcndlichen Pr\u00fcfung.<\/p>\n<figure id=\"attachment_935\" aria-describedby=\"caption-attachment-935\" style=\"width: 300px\" class=\"wp-caption aligncenter\"><a href=\"https:\/\/www.aesthetic-cosmetic.com\/blog\/wp-content\/uploads\/2014\/07\/20140726FachwirteW+B11.jpg\"><img loading=\"lazy\" decoding=\"async\" class=\"size-medium wp-image-935\" title=\"20140726FachwirteW+B1\" src=\"https:\/\/www.aesthetic-cosmetic.com\/blog\/wp-content\/uploads\/2014\/07\/20140726FachwirteW+B11-300x225.jpg\" alt=\"\" width=\"300\" height=\"225\" srcset=\"https:\/\/www.aesthetic-cosmetic.com\/blog\/wp-content\/uploads\/2014\/07\/20140726FachwirteW+B11-300x225.jpg 300w, https:\/\/www.aesthetic-cosmetic.com\/blog\/wp-content\/uploads\/2014\/07\/20140726FachwirteW+B11-1024x768.jpg 1024w\" sizes=\"auto, (max-width: 300px) 100vw, 300px\" \/><\/a><figcaption id=\"caption-attachment-935\" class=\"wp-caption-text\">Einige unserer angehenden Fachwirte f\u00fcr Wellness und Beauty IHK<\/figcaption><\/figure>\n<p><a title=\"Wellness lernen\" href=\"http:\/\/www.aesthetic-cosmetic.com\/fernstudium\/fachwirtin-fuer-wellness-beauty-ihk.html\"><strong>Wellness lernen<\/strong><\/a> lohnt sich, um allen Interessenten noch einmal in Erinnerung zu rufen. Der n\u00e4chste Lehrgang zur <a title=\"Wellness studieren\" href=\"http:\/\/www.aesthetic-cosmetic.com\/fernstudium\/fachwirtin-fuer-wellness-beauty-ihk.html\"><strong>Fachwirtin f\u00fcr Wellness und Beauty IHK<\/strong><\/a> beginnt am 20. September 2014. Es sind noch Pl\u00e4tze frei.<\/p>\n","protected":false},"excerpt":{"rendered":"<p>Hier noch ein erg\u00e4nzendes Bild im Zusammenhang zum Blog vom 26.06.2014 mit dem Thema Ausbildung zum\/zur Fachwirt\/in f\u00fcr Wellness und Beauty IHK bzw. Bachelor Professional f\u00fcr Wellness and Beauty CCI: einige Teilnehmer nach der schriftlichen, aber noch vor der m\u00fcndlichen Pr\u00fcfung. Wellness lernen lohnt sich, um allen Interessenten noch einmal in Erinnerung zu rufen. Der [&hellip;]<\/p>\n","protected":false},"author":2,"featured_media":0,"comment_status":"open","ping_status":"open","sticky":false,"template":"","format":"standard","meta":{"footnotes":""},"categories":[1,41,27,13],"tags":[43,24,8,18],"class_list":["post-934","post","type-post","status-publish","format-standard","hentry","category-allgemein","category-ausbildung","category-kurseseminare","category-wellness","tag-kosmetik-akademie","tag-kosmetikschule","tag-wellness-beauty-fachfrau","tag-wellness-und-beauty-fachfrau"],"_links":{"self":[{"href":"https:\/\/www.aesthetic-cosmetic.com\/blog\/wp-json\/wp\/v2\/posts\/934","targetHints":{"allow":["GET"]}}],"collection":[{"href":"https:\/\/www.aesthetic-cosmetic.com\/blog\/wp-json\/wp\/v2\/posts"}],"about":[{"href":"https:\/\/www.aesthetic-cosmetic.com\/blog\/wp-json\/wp\/v2\/types\/post"}],"author":[{"embeddable":true,"href":"https:\/\/www.aesthetic-cosmetic.com\/blog\/wp-json\/wp\/v2\/users\/2"}],"replies":[{"embeddable":true,"href":"https:\/\/www.aesthetic-cosmetic.com\/blog\/wp-json\/wp\/v2\/comments?post=934"}],"version-history":[{"count":2,"href":"https:\/\/www.aesthetic-cosmetic.com\/blog\/wp-json\/wp\/v2\/posts\/934\/revisions"}],"predecessor-version":[{"id":937,"href":"https:\/\/www.aesthetic-cosmetic.com\/blog\/wp-json\/wp\/v2\/posts\/934\/revisions\/937"}],"wp:attachment":[{"href":"https:\/\/www.aesthetic-cosmetic.com\/blog\/wp-json\/wp\/v2\/media?parent=934"}],"wp:term":[{"taxonomy":"category","embeddable":true,"href":"https:\/\/www.aesthetic-cosmetic.com\/blog\/wp-json\/wp\/v2\/categories?post=934"},{"taxonomy":"post_tag","embeddable":true,"href":"https:\/\/www.aesthetic-cosmetic.com\/blog\/wp-json\/wp\/v2\/tags?post=934"}],"curies":[{"name":"wp","href":"https:\/\/api.w.org\/{rel}","templated":true}]}}