{"id":928,"date":"2014-07-26T11:39:53","date_gmt":"2014-07-26T09:39:53","guid":{"rendered":"http:\/\/www.aesthetic-cosmetic.com\/blog\/?p=928"},"modified":"2014-07-26T11:42:29","modified_gmt":"2014-07-26T09:42:29","slug":"fachwirt-fur-wellness-und-beauty-werden","status":"publish","type":"post","link":"https:\/\/www.aesthetic-cosmetic.com\/blog\/2014\/07\/fachwirt-fur-wellness-und-beauty-werden\/","title":{"rendered":"Fachwirt f\u00fcr Wellness und Beauty werden"},"content":{"rendered":"<p>14 Monate geistige Arbeit mit <a title=\"online lernen Kosmetik\" href=\"http:\/\/www.aesthetic-cosmetic.com\/fernstudium\/fernunterrichte-learning.html\"><strong>e-Learning<\/strong><\/a>, <a title=\"Fernschule Kosmetik\" href=\"http:\/\/www.aesthetic-cosmetic.com\/fernstudium\/fernunterrichte-learning.html\"><strong>Fernunterricht<\/strong><\/a> und Pr\u00e4senzseminaren sind vor\u00fcber und nun sitzen die angehenden <a title=\"Fachwirt Wellness Beauty\" href=\"http:\/\/www.aesthetic-cosmetic.com\/fernstudium\/fachwirtin-fuer-wellness-beauty-ihk.html\"><strong>Fachwirte f\u00fcr Wellness und Beauty IHK<\/strong><\/a> bzw. <a title=\"Bachelor Wellness Beauty\" href=\"http:\/\/www.aesthetic-cosmetic.com\/fernstudium\/fachwirtin-fuer-wellness-beauty-ihk.html\"><strong>Bachelor Professional for Wellness and Beauty CCI<\/strong><\/a> und geben die Ergebnisse zum Besten: Pr\u00fcfungszeit &#8211; in sp\u00e4testens 2 Monaten erhalten Sie Ihre Abschl\u00fcsse.<\/p>\n<figure id=\"attachment_932\" aria-describedby=\"caption-attachment-932\" style=\"width: 450px\" class=\"wp-caption aligncenter\"><a href=\"https:\/\/www.aesthetic-cosmetic.com\/blog\/wp-content\/uploads\/2014\/07\/20140726FachwirteW+B1.jpg\"><img loading=\"lazy\" decoding=\"async\" class=\"size-large wp-image-932\" title=\"20140726FachwirteW+B\" src=\"https:\/\/www.aesthetic-cosmetic.com\/blog\/wp-content\/uploads\/2014\/07\/20140726FachwirteW+B1-1024x380.jpg\" alt=\"\" width=\"450\" height=\"166\" srcset=\"https:\/\/www.aesthetic-cosmetic.com\/blog\/wp-content\/uploads\/2014\/07\/20140726FachwirteW+B1-1024x380.jpg 1024w, https:\/\/www.aesthetic-cosmetic.com\/blog\/wp-content\/uploads\/2014\/07\/20140726FachwirteW+B1-300x111.jpg 300w\" sizes=\"auto, (max-width: 450px) 100vw, 450px\" \/><\/a><figcaption id=\"caption-attachment-932\" class=\"wp-caption-text\">Fachwirte f\u00fcr Wellness und Beauty IHK<\/figcaption><\/figure>\n<p>Wer <a title=\"Fachwirt Wellness werden\" href=\"http:\/\/www.aesthetic-cosmetic.com\/fernstudium\/fachwirtin-fuer-wellness-beauty-ihk.html\"><strong>Fachwirt f\u00fcr Wellness und Beauty IHK<\/strong><\/a> werden m\u00f6chte und als Voraussetzung neben einer abgeschlossenen kaufm\u00e4nnischen Berufsausbildung, auch unsere <a title=\"Fernlehrgang Kosmetikerin\" href=\"http:\/\/www.aesthetic-cosmetic.com\/fernstudium\/kosmetikerin.html\"><strong>Fernlehrg\u00e4nge zur Kosmetikerin<\/strong><\/a>, <a title=\"Fernlehrgang Wellness\" href=\"http:\/\/www.aesthetic-cosmetic.com\/fernstudium\/wellness-und-beauty-fachfrau.html\"><strong>Wellness + Beauty Fachfrau<\/strong><\/a> und <a title=\"Fernlehrgang Make-up Visagist\" href=\"http:\/\/www.aesthetic-cosmetic.com\/fernstudium\/make-up-fachfraumann-visagistin.html\"><strong>Make-up Fachfrau\/Visagist<\/strong><\/a> mit Praxisanteilen besitzt, kann an dieser Ausbildung der IHK Hochrhein-Bodensee\u00a0 in Zusammenarbeit mit uns teilnehmen. Vor der Abschlusspr\u00fcfung muss dann noch eine mindestens 1 Jahr durchgef\u00fchrte T\u00e4tigkeit im Wellness- und\/oder Beautybereich nachgewiesen werden.<\/p>\n<p>Die Inhalte des Studiums zur <a title=\"Fachwirt Wellness werden\" href=\"http:\/\/www.aesthetic-cosmetic.com\/fernstudium\/fachwirtin-fuer-wellness-beauty-ihk.html\"><strong>Fachwirtin\/zum Fachwirt f\u00fcr Wellness und Beauty IHK<\/strong><\/a> bzw. <a title=\"Bachelor wellness lernen\" href=\"http:\/\/www.aesthetic-cosmetic.com\/fernstudium\/fachwirtin-fuer-wellness-beauty-ihk.html\"><strong>Bachelor Professional for Wellness and Beauty<\/strong><\/a> enth\u00e4lt die Themenbereiche wie das Management, Mitarbeiterf\u00fchrung, Mikro- und Makro\u00f6konomik und fachspezifische Inhalte wie die Theorie der Wellnessbehandlungen, physikalische Hintergr\u00fcnde des Wellnessequipment, Fitness und Ern\u00e4hrung.<\/p>\n<p>Der n\u00e4chste Lehrgang beginnt am 20. September 2014. Unterlagen k\u00f6nnen Sie bei uns, <a title=\"\u00e4sthetik kosmetik\" href=\"http:\/\/www.aesthetic-cosmetic.com\/\"><strong>aesthetic + cosmetic marketing GmbH<\/strong><\/a>, anfordern. Die Anmeldung erfolgt bei der <a title=\"IHK\" href=\"http:\/\/www.konstanz.ihk.de\/\"><strong>IHK Hochrhein-Bodensee<\/strong><\/a>, Schopfheim.<\/p>\n","protected":false},"excerpt":{"rendered":"<p>14 Monate geistige Arbeit mit e-Learning, Fernunterricht und Pr\u00e4senzseminaren sind vor\u00fcber und nun sitzen die angehenden Fachwirte f\u00fcr Wellness und Beauty IHK bzw. Bachelor Professional for Wellness and Beauty CCI und geben die Ergebnisse zum Besten: Pr\u00fcfungszeit &#8211; in sp\u00e4testens 2 Monaten erhalten Sie Ihre Abschl\u00fcsse. Wer Fachwirt f\u00fcr Wellness und Beauty IHK werden m\u00f6chte [&hellip;]<\/p>\n","protected":false},"author":2,"featured_media":0,"comment_status":"open","ping_status":"open","sticky":false,"template":"","format":"standard","meta":{"footnotes":""},"categories":[1,41,57,42,27,59,13],"tags":[40,48,5,6,11,4,17,73,43,74,24,8,18],"class_list":["post-928","post","type-post","status-publish","format-standard","hentry","category-allgemein","category-ausbildung","category-ernahrungs-fachfrau","category-kosmetik","category-kurseseminare","category-visagismus-make-up","category-wellness","tag-diplomkosmetikerin","tag-ernahrungsberaterin","tag-fernlehrgang","tag-fernlehrgang-zur-kosmetikerin","tag-fernlehrgange","tag-fernlernen","tag-fernschule","tag-fernunterricht","tag-kosmetik-akademie","tag-kosmetikerin","tag-kosmetikschule","tag-wellness-beauty-fachfrau","tag-wellness-und-beauty-fachfrau"],"_links":{"self":[{"href":"https:\/\/www.aesthetic-cosmetic.com\/blog\/wp-json\/wp\/v2\/posts\/928","targetHints":{"allow":["GET"]}}],"collection":[{"href":"https:\/\/www.aesthetic-cosmetic.com\/blog\/wp-json\/wp\/v2\/posts"}],"about":[{"href":"https:\/\/www.aesthetic-cosmetic.com\/blog\/wp-json\/wp\/v2\/types\/post"}],"author":[{"embeddable":true,"href":"https:\/\/www.aesthetic-cosmetic.com\/blog\/wp-json\/wp\/v2\/users\/2"}],"replies":[{"embeddable":true,"href":"https:\/\/www.aesthetic-cosmetic.com\/blog\/wp-json\/wp\/v2\/comments?post=928"}],"version-history":[{"count":3,"href":"https:\/\/www.aesthetic-cosmetic.com\/blog\/wp-json\/wp\/v2\/posts\/928\/revisions"}],"predecessor-version":[{"id":931,"href":"https:\/\/www.aesthetic-cosmetic.com\/blog\/wp-json\/wp\/v2\/posts\/928\/revisions\/931"}],"wp:attachment":[{"href":"https:\/\/www.aesthetic-cosmetic.com\/blog\/wp-json\/wp\/v2\/media?parent=928"}],"wp:term":[{"taxonomy":"category","embeddable":true,"href":"https:\/\/www.aesthetic-cosmetic.com\/blog\/wp-json\/wp\/v2\/categories?post=928"},{"taxonomy":"post_tag","embeddable":true,"href":"https:\/\/www.aesthetic-cosmetic.com\/blog\/wp-json\/wp\/v2\/tags?post=928"}],"curies":[{"name":"wp","href":"https:\/\/api.w.org\/{rel}","templated":true}]}}