{"id":908,"date":"2014-07-18T12:20:39","date_gmt":"2014-07-18T10:20:39","guid":{"rendered":"http:\/\/www.aesthetic-cosmetic.com\/blog\/?p=908"},"modified":"2014-07-18T12:22:33","modified_gmt":"2014-07-18T10:22:33","slug":"ausbildung-medizinische-fuspflege","status":"publish","type":"post","link":"https:\/\/www.aesthetic-cosmetic.com\/blog\/2014\/07\/ausbildung-medizinische-fuspflege\/","title":{"rendered":"Ausbildung medizinische Fu\u00dfpflege"},"content":{"rendered":"<p>Wer <a title=\"med. fu\u00dfpflege lernen\" href=\"http:\/\/www.aesthetic-cosmetic.com\/kurse-seminare\/fusspflege-und-erweiterungen\/fusspflege.html\"><strong>medizinische Fu\u00dfpflege lernen<\/strong><\/a> m\u00f6chte, merkt sich folgenden Termin:<\/p>\n<p style=\"text-align: center;\"><span style=\"color: #000000;\"><a title=\"Fu\u00dfpfleger lernen\" href=\"http:\/\/www.aesthetic-cosmetic.com\/kurse-seminare\/fusspflege-und-erweiterungen\/fusspflege.html\"><strong>29. September bis 03. Oktober 201<\/strong>4<\/a><\/span><\/p>\n<p style=\"text-align: left;\">Nach den Sommerferien f\u00fchrt die <strong><a title=\"Kosmetikschule\" href=\"http:\/\/www.aesthetic-cosmetic.com\/\">Kosmetikschule<\/a><\/strong> von <a title=\"\u00e4sthetik und kosmetik\" href=\"http:\/\/www.aesthetic-cosmetic.com\/\"><strong>aesthetic + cosmetic<\/strong><\/a> im Raum Freiburg im Breisgau den n\u00e4chsten Lehrgang in <a title=\"Fu\u00dfpfleger werden\" href=\"http:\/\/www.aesthetic-cosmetic.com\/kurse-seminare\/fusspflege-und-erweiterungen\/fusspflege.html\"><strong>medizinischer Fu\u00dfpflege<\/strong><\/a> durch.<\/p>\n<p style=\"text-align: left;\">Die Bev\u00f6lkerung in der Bundesrepublik wird immer \u00e4lter, die Anzahl der &#8222;Problemf\u00fc\u00dfe&#8220; ist im Steigen begriffen. Die T\u00e4tigkeit der <a title=\"Fu\u00dfpflege lernen\" href=\"http:\/\/www.aesthetic-cosmetic.com\/kurse-seminare\/fusspflege-und-erweiterungen\/fusspflege.html\"><strong>medizinischen Fu\u00dfpflege<\/strong><\/a> istimmer mehr gefragt.<\/p>\n<p style=\"text-align: left;\">Denken Sie daran: Die T\u00e4tigkeit der <a title=\"med. Fu\u00dfpflege lernen\" href=\"http:\/\/www.aesthetic-cosmetic.com\/kurse-seminare\/fusspflege-und-erweiterungen\/fusspflege.html\"><strong>medizinischen Fu\u00dfpflege<\/strong><\/a> ist nicht nur dem <a title=\"med. fu\u00dfpfleger\" href=\"http:\/\/www.aesthetic-cosmetic.com\/kurse-seminare\/fusspflege-und-erweiterungen\/fusspflege.html\"><strong>medizinischen Fu\u00dfpflegerin<\/strong><\/a> bzw. dem <strong><a title=\"med fu\u00dfpflegerin\" href=\"http:\/\/www.aesthetic-cosmetic.com\/kurse-seminare\/fusspflege-und-erweiterungen\/fusspflege.html\">medizinischen Fu\u00dfpfleger<\/a><\/strong> erlaubt, denn nach dem letztinstanzlichen Gerichtsurteil vom 24.09.2013 gilt: &#8222;Die in \u00a7 1 PodG geregelte Erlaubnispflicht gilt nur im Hinblick auf die F\u00fchrung der Bezeichnung \u201eMedizinische Fu\u00dfpflegerin\/Medizinischer Fu\u00dfpfleger\u201c und verbietet nicht die Werbung f\u00fcr die erlaubnisfreie T\u00e4tigkeit einer medizinischen Fu\u00dfpflege.<\/p>\n<p style=\"text-align: left;\">Fazit: Auch wer eine anderweitige Vorbildung besitzt, kann <a title=\"med. fu\u00dfpflege lernen\" href=\"http:\/\/www.aesthetic-cosmetic.com\/kurse-seminare\/fusspflege-und-erweiterungen\/fusspflege.html\"><strong>medizinische Fu\u00dfpflege lernen<\/strong><\/a> und diese ausf\u00fchren.<\/p>\n","protected":false},"excerpt":{"rendered":"<p>Wer medizinische Fu\u00dfpflege lernen m\u00f6chte, merkt sich folgenden Termin: 29. September bis 03. Oktober 2014 Nach den Sommerferien f\u00fchrt die Kosmetikschule von aesthetic + cosmetic im Raum Freiburg im Breisgau den n\u00e4chsten Lehrgang in medizinischer Fu\u00dfpflege durch. Die Bev\u00f6lkerung in der Bundesrepublik wird immer \u00e4lter, die Anzahl der &#8222;Problemf\u00fc\u00dfe&#8220; ist im Steigen begriffen. Die T\u00e4tigkeit [&hellip;]<\/p>\n","protected":false},"author":2,"featured_media":0,"comment_status":"open","ping_status":"open","sticky":false,"template":"","format":"standard","meta":{"footnotes":""},"categories":[61,42,27],"tags":[36,6,33,32,31,43,74,24,28,30,29],"class_list":["post-908","post","type-post","status-publish","format-standard","hentry","category-fuspflege","category-kosmetik","category-kurseseminare","tag-ausbildung-zur-kosmetikerin","tag-fernlehrgang-zur-kosmetikerin","tag-fuspfleger","tag-fuspflegerinnen","tag-fuspflegeschule","tag-kosmetik-akademie","tag-kosmetikerin","tag-kosmetikschule","tag-medizinische-fuspflege","tag-podologe","tag-podologin"],"_links":{"self":[{"href":"https:\/\/www.aesthetic-cosmetic.com\/blog\/wp-json\/wp\/v2\/posts\/908","targetHints":{"allow":["GET"]}}],"collection":[{"href":"https:\/\/www.aesthetic-cosmetic.com\/blog\/wp-json\/wp\/v2\/posts"}],"about":[{"href":"https:\/\/www.aesthetic-cosmetic.com\/blog\/wp-json\/wp\/v2\/types\/post"}],"author":[{"embeddable":true,"href":"https:\/\/www.aesthetic-cosmetic.com\/blog\/wp-json\/wp\/v2\/users\/2"}],"replies":[{"embeddable":true,"href":"https:\/\/www.aesthetic-cosmetic.com\/blog\/wp-json\/wp\/v2\/comments?post=908"}],"version-history":[{"count":2,"href":"https:\/\/www.aesthetic-cosmetic.com\/blog\/wp-json\/wp\/v2\/posts\/908\/revisions"}],"predecessor-version":[{"id":911,"href":"https:\/\/www.aesthetic-cosmetic.com\/blog\/wp-json\/wp\/v2\/posts\/908\/revisions\/911"}],"wp:attachment":[{"href":"https:\/\/www.aesthetic-cosmetic.com\/blog\/wp-json\/wp\/v2\/media?parent=908"}],"wp:term":[{"taxonomy":"category","embeddable":true,"href":"https:\/\/www.aesthetic-cosmetic.com\/blog\/wp-json\/wp\/v2\/categories?post=908"},{"taxonomy":"post_tag","embeddable":true,"href":"https:\/\/www.aesthetic-cosmetic.com\/blog\/wp-json\/wp\/v2\/tags?post=908"}],"curies":[{"name":"wp","href":"https:\/\/api.w.org\/{rel}","templated":true}]}}