{"id":904,"date":"2014-07-17T19:51:19","date_gmt":"2014-07-17T17:51:19","guid":{"rendered":"http:\/\/www.aesthetic-cosmetic.com\/blog\/?p=904"},"modified":"2014-07-17T19:51:19","modified_gmt":"2014-07-17T17:51:19","slug":"ferien-an-der-kosmetikschule","status":"publish","type":"post","link":"https:\/\/www.aesthetic-cosmetic.com\/blog\/2014\/07\/ferien-an-der-kosmetikschule\/","title":{"rendered":"Ferien an der Kosmetikschule"},"content":{"rendered":"<p style=\"text-align: center;\">Sommerzeit = Ferienzeit!<\/p>\n<figure id=\"attachment_905\" aria-describedby=\"caption-attachment-905\" style=\"width: 300px\" class=\"wp-caption aligncenter\"><a href=\"https:\/\/www.aesthetic-cosmetic.com\/blog\/wp-content\/uploads\/2014\/07\/a+cHausIhringen.jpg\"><img loading=\"lazy\" decoding=\"async\" class=\"size-medium wp-image-905\" src=\"https:\/\/www.aesthetic-cosmetic.com\/blog\/wp-content\/uploads\/2014\/07\/a+cHausIhringen-300x225.jpg\" alt=\"aesthetic + cosmetic\" width=\"300\" height=\"225\" srcset=\"https:\/\/www.aesthetic-cosmetic.com\/blog\/wp-content\/uploads\/2014\/07\/a+cHausIhringen-300x225.jpg 300w, https:\/\/www.aesthetic-cosmetic.com\/blog\/wp-content\/uploads\/2014\/07\/a+cHausIhringen-1024x768.jpg 1024w\" sizes=\"auto, (max-width: 300px) 100vw, 300px\" \/><\/a><figcaption id=\"caption-attachment-905\" class=\"wp-caption-text\">aesthetic + cosmetic<\/figcaption><\/figure>\n<p>Nicht unbedingt an der <a title=\"Kosmetikschule\" href=\"http:\/\/www.aesthetic-cosmetic.com\/fernstudium\/kosmetikerin.html\"><strong>Kosmetikschule<\/strong><\/a> von <a title=\"aesthetic + cosmetic\" href=\"http:\/\/www.aesthetic-cosmetic.com\/\"><strong>aesthetic + cosmetic<\/strong><\/a>! Wenn Sie es w\u00fcnschen, d\u00fcrfen Sie mit Hilfe des <a title=\"Fernunterricht Kosmetik\" href=\"http:\/\/www.aesthetic-cosmetic.com\/fernstudium\/fernunterrichte-learning.html\"><strong>Fernunterrichts<\/strong><\/a> oder des <a title=\"Onlinelernen Kosmetik\" href=\"http:\/\/www.aesthetic-cosmetic.com\/fernstudium\/fernunterrichte-learning.html\"><strong>Onlinelernens<\/strong><\/a> <a title=\"Kosmetik lernen\" href=\"http:\/\/www.aesthetic-cosmetic.com\/fernstudium\/kosmetikerin.html\"><strong>Kosmetik lernen<\/strong><\/a>, auch in der Sommerzeit, denn unsere <a title=\"Kosmetikschule\" href=\"http:\/\/www.aesthetic-cosmetic.com\/fernstudium\/kosmetikerin.html\"><strong>Kosmetikschule<\/strong><\/a> macht keine Ferien. Wenn Sie Urlaub ben\u00f6tigen, so k\u00f6nnen Sie den Zeitraum individuell planen, Fernlernen oder Onlinelernen in Kosmetik richtet sich nach Ihnen.<\/p>\n<p>Die individuelle <a title=\"Kosmetikschule\" href=\"http:\/\/www.aesthetic-cosmetic.com\/fernstudium\/kosmetikerin.html\"><strong>Kosmetikschule<\/strong><\/a>, die sich Ihren W\u00fcnschen und Zeitabl\u00e4ufen anpasst. Der <a title=\"Fernunterricht Kosmetik\" href=\"http:\/\/www.aesthetic-cosmetic.com\/fernstudium\/fernunterrichte-learning.html\"><strong>Fernunterricht<\/strong><\/a> oder das <a title=\"e-learning kosmetik\" href=\"http:\/\/www.aesthetic-cosmetic.com\/fernstudium\/fernunterrichte-learning.html\"><strong>E-learning<\/strong><\/a> kann 24 Stunden pro Tag stattfinden, f\u00fcr die Betreuung unserer Kosmetiksch\u00fcler stehen unsere Betreuer werktags von 8:00 bis 17:30 zur Verf\u00fcgung.<\/p>\n<p><a title=\"Kosmetik lernen\" href=\"http:\/\/www.aesthetic-cosmetic.com\/fernstudium\/kosmetikerin.html\"><strong>Lernen Sie Kosmetik<\/strong><\/a> mit Hilfe des <a title=\"Fernstudium Kosmetik\" href=\"http:\/\/www.aesthetic-cosmetic.com\/fernstudium\/fernunterrichte-learning.html\"><strong>Fernstudiums<\/strong><\/a> und Sie brauchen Ihre individuellen Lebensgewohnheiten nicht einzuschr\u00e4nken.<\/p>\n","protected":false},"excerpt":{"rendered":"<p>Sommerzeit = Ferienzeit! Nicht unbedingt an der Kosmetikschule von aesthetic + cosmetic! Wenn Sie es w\u00fcnschen, d\u00fcrfen Sie mit Hilfe des Fernunterrichts oder des Onlinelernens Kosmetik lernen, auch in der Sommerzeit, denn unsere Kosmetikschule macht keine Ferien. Wenn Sie Urlaub ben\u00f6tigen, so k\u00f6nnen Sie den Zeitraum individuell planen, Fernlernen oder Onlinelernen in Kosmetik richtet sich [&hellip;]<\/p>\n","protected":false},"author":2,"featured_media":0,"comment_status":"open","ping_status":"open","sticky":false,"template":"","format":"standard","meta":{"footnotes":""},"categories":[1,41,3,42,7],"tags":[36,40,5,6,11,4,17,73,43,74,24],"class_list":["post-904","post","type-post","status-publish","format-standard","hentry","category-allgemein","category-ausbildung","category-fernunterricht","category-kosmetik","category-kosmetikerin","tag-ausbildung-zur-kosmetikerin","tag-diplomkosmetikerin","tag-fernlehrgang","tag-fernlehrgang-zur-kosmetikerin","tag-fernlehrgange","tag-fernlernen","tag-fernschule","tag-fernunterricht","tag-kosmetik-akademie","tag-kosmetikerin","tag-kosmetikschule"],"_links":{"self":[{"href":"https:\/\/www.aesthetic-cosmetic.com\/blog\/wp-json\/wp\/v2\/posts\/904","targetHints":{"allow":["GET"]}}],"collection":[{"href":"https:\/\/www.aesthetic-cosmetic.com\/blog\/wp-json\/wp\/v2\/posts"}],"about":[{"href":"https:\/\/www.aesthetic-cosmetic.com\/blog\/wp-json\/wp\/v2\/types\/post"}],"author":[{"embeddable":true,"href":"https:\/\/www.aesthetic-cosmetic.com\/blog\/wp-json\/wp\/v2\/users\/2"}],"replies":[{"embeddable":true,"href":"https:\/\/www.aesthetic-cosmetic.com\/blog\/wp-json\/wp\/v2\/comments?post=904"}],"version-history":[{"count":2,"href":"https:\/\/www.aesthetic-cosmetic.com\/blog\/wp-json\/wp\/v2\/posts\/904\/revisions"}],"predecessor-version":[{"id":907,"href":"https:\/\/www.aesthetic-cosmetic.com\/blog\/wp-json\/wp\/v2\/posts\/904\/revisions\/907"}],"wp:attachment":[{"href":"https:\/\/www.aesthetic-cosmetic.com\/blog\/wp-json\/wp\/v2\/media?parent=904"}],"wp:term":[{"taxonomy":"category","embeddable":true,"href":"https:\/\/www.aesthetic-cosmetic.com\/blog\/wp-json\/wp\/v2\/categories?post=904"},{"taxonomy":"post_tag","embeddable":true,"href":"https:\/\/www.aesthetic-cosmetic.com\/blog\/wp-json\/wp\/v2\/tags?post=904"}],"curies":[{"name":"wp","href":"https:\/\/api.w.org\/{rel}","templated":true}]}}