{"id":900,"date":"2014-07-15T18:41:05","date_gmt":"2014-07-15T16:41:05","guid":{"rendered":"http:\/\/www.aesthetic-cosmetic.com\/blog\/?p=900"},"modified":"2014-07-15T18:41:05","modified_gmt":"2014-07-15T16:41:05","slug":"ausbildung-zur-wellness-beauty-fachfraumann","status":"publish","type":"post","link":"https:\/\/www.aesthetic-cosmetic.com\/blog\/2014\/07\/ausbildung-zur-wellness-beauty-fachfraumann\/","title":{"rendered":"Ausbildung zur Wellness + Beauty Fachfrau\/mann"},"content":{"rendered":"<p>14 Monate Theorie &#8222;geb\u00fcffelt&#8220; und Praxis ge\u00fcbt: Das Resultat hei\u00dft <a title=\"Wellnessfachfrau lernen\" href=\"http:\/\/www.aesthetic-cosmetic.com\/fernstudium\/wellness-und-beauty-fachfrau.html\"><strong>Wellness + Beauty Fachfrau<\/strong><\/a>. <a title=\"Wellness lernen\" href=\"http:\/\/www.aesthetic-cosmetic.com\/fernstudium\/wellness-und-beauty-fachfrau.html\"><strong>Wellness + Beauty Fachfrau<\/strong><\/a> lernen, bedeutet, sich Kenntnisse und Fertigkeiten einer <a title=\"Wellnessberater werden\" href=\"http:\/\/www.aesthetic-cosmetic.com\/fernstudium\/wellness-und-beauty-fachfrau.html\"><strong>Wellnessberaterin<\/strong><\/a>, <a title=\"Wellnesstrainer lernen\" href=\"http:\/\/www.aesthetic-cosmetic.com\/fernstudium\/wellness-und-beauty-fachfrau.html\"><strong>Wellness-Trainerin<\/strong><\/a>, <a title=\"Kosmetikerin werden\" href=\"http:\/\/www.aesthetic-cosmetic.com\/fernstudium\/kosmetikerin.html\"><strong>Kosmetikerin<\/strong><\/a> aber auch einer <a title=\"Spamanagerin werden\" href=\"http:\/\/www.aesthetic-cosmetic.com\/fernstudium\/fachwirtin-fuer-wellness-beauty-ihk.html\"><strong>Wellness-<\/strong> bzw. <strong>Spa Managerin<\/strong><\/a> anzueignen. Die Besch\u00e4ftigungsm\u00f6glichkeiten sind vielf\u00e4ltig. Die Wellness- und Spabranche boomt. <a title=\"Wellnessfachkraft werden\" href=\"http:\/\/www.aesthetic-cosmetic.com\/fernstudium\/wellness-und-beauty-fachfrau.html\"><strong>Wellnessfachkr\u00e4fte<\/strong><\/a> sind Mangelware und werden h\u00e4nderingend gesucht!<\/p>\n<p>Die Ausbildung in Wellness f\u00fchrt zu Wellnesstrainern, Wellnessberatern, aber auch zu <a title=\"Wellnessmanager\" href=\"http:\/\/www.aesthetic-cosmetic.com\/fernstudium\/fachwirtin-fuer-wellness-beauty-ihk.html\"><strong>Wellnessmanagern<\/strong><\/a>, die in Hotels, Spas oder Fitnessstudios die Aufgabe haben, f\u00fcr G\u00e4ste Wellnessprogramme zusammenzustellen, Entspannungstechniken zu vermitteln und aber auch Tipps zur Fitness und zur Ern\u00e4hrung beinhalten.<\/p>\n<p>Selbst\u00e4ndige <a title=\"Wellness lernen\" href=\"http:\/\/www.aesthetic-cosmetic.com\/fernstudium\/wellness-und-beauty-fachfrau.html\"><strong>Wellness + Beauty Fachfrauen<\/strong><\/a> bieten Seminare an, coachen einzelne Kunden oder f\u00fchren Gruppencoaching durch.<\/p>\n<figure id=\"attachment_901\" aria-describedby=\"caption-attachment-901\" style=\"width: 225px\" class=\"wp-caption aligncenter\"><a href=\"https:\/\/www.aesthetic-cosmetic.com\/blog\/wp-content\/uploads\/2014\/07\/20140704Wellnessfachfrau.jpg\"><img loading=\"lazy\" decoding=\"async\" class=\"size-medium wp-image-901\" title=\"Wellnessfachfrau\" src=\"https:\/\/www.aesthetic-cosmetic.com\/blog\/wp-content\/uploads\/2014\/07\/20140704Wellnessfachfrau-225x300.jpg\" alt=\"\" width=\"225\" height=\"300\" srcset=\"https:\/\/www.aesthetic-cosmetic.com\/blog\/wp-content\/uploads\/2014\/07\/20140704Wellnessfachfrau-225x300.jpg 225w, https:\/\/www.aesthetic-cosmetic.com\/blog\/wp-content\/uploads\/2014\/07\/20140704Wellnessfachfrau-768x1024.jpg 768w\" sizes=\"auto, (max-width: 225px) 100vw, 225px\" \/><\/a><figcaption id=\"caption-attachment-901\" class=\"wp-caption-text\">Wellness + Beauty Fachfrauen<\/figcaption><\/figure>\n<p>Die Profis sind geboren! Das berufliche Wissen und das K\u00f6nnen wurde bei <strong>aesthetic + cosmetic<\/strong> erlernt, jetzt muss dies in die Tat umgesetzt werden! Viel Erfolg als <a title=\"Wellness + Beauty Fachfrau\" href=\"http:\/\/www.aesthetic-cosmetic.com\/fernstudium\/wellness-und-beauty-fachfrau.html\"><strong>Wellness + Beauty Fachfrau<\/strong><\/a>!<\/p>\n","protected":false},"excerpt":{"rendered":"<p>14 Monate Theorie &#8222;geb\u00fcffelt&#8220; und Praxis ge\u00fcbt: Das Resultat hei\u00dft Wellness + Beauty Fachfrau. Wellness + Beauty Fachfrau lernen, bedeutet, sich Kenntnisse und Fertigkeiten einer Wellnessberaterin, Wellness-Trainerin, Kosmetikerin aber auch einer Wellness- bzw. Spa Managerin anzueignen. Die Besch\u00e4ftigungsm\u00f6glichkeiten sind vielf\u00e4ltig. Die Wellness- und Spabranche boomt. Wellnessfachkr\u00e4fte sind Mangelware und werden h\u00e4nderingend gesucht! Die Ausbildung in [&hellip;]<\/p>\n","protected":false},"author":2,"featured_media":0,"comment_status":"open","ping_status":"open","sticky":false,"template":"","format":"standard","meta":{"footnotes":""},"categories":[1,41,3,7,27,13],"tags":[36,40,47,48,6,46,43,24,8,18],"class_list":["post-900","post","type-post","status-publish","format-standard","hentry","category-allgemein","category-ausbildung","category-fernunterricht","category-kosmetikerin","category-kurseseminare","category-wellness","tag-ausbildung-zur-kosmetikerin","tag-diplomkosmetikerin","tag-ernahrungs-fachfraumann","tag-ernahrungsberaterin","tag-fernlehrgang-zur-kosmetikerin","tag-food-coach","tag-kosmetik-akademie","tag-kosmetikschule","tag-wellness-beauty-fachfrau","tag-wellness-und-beauty-fachfrau"],"_links":{"self":[{"href":"https:\/\/www.aesthetic-cosmetic.com\/blog\/wp-json\/wp\/v2\/posts\/900","targetHints":{"allow":["GET"]}}],"collection":[{"href":"https:\/\/www.aesthetic-cosmetic.com\/blog\/wp-json\/wp\/v2\/posts"}],"about":[{"href":"https:\/\/www.aesthetic-cosmetic.com\/blog\/wp-json\/wp\/v2\/types\/post"}],"author":[{"embeddable":true,"href":"https:\/\/www.aesthetic-cosmetic.com\/blog\/wp-json\/wp\/v2\/users\/2"}],"replies":[{"embeddable":true,"href":"https:\/\/www.aesthetic-cosmetic.com\/blog\/wp-json\/wp\/v2\/comments?post=900"}],"version-history":[{"count":2,"href":"https:\/\/www.aesthetic-cosmetic.com\/blog\/wp-json\/wp\/v2\/posts\/900\/revisions"}],"predecessor-version":[{"id":903,"href":"https:\/\/www.aesthetic-cosmetic.com\/blog\/wp-json\/wp\/v2\/posts\/900\/revisions\/903"}],"wp:attachment":[{"href":"https:\/\/www.aesthetic-cosmetic.com\/blog\/wp-json\/wp\/v2\/media?parent=900"}],"wp:term":[{"taxonomy":"category","embeddable":true,"href":"https:\/\/www.aesthetic-cosmetic.com\/blog\/wp-json\/wp\/v2\/categories?post=900"},{"taxonomy":"post_tag","embeddable":true,"href":"https:\/\/www.aesthetic-cosmetic.com\/blog\/wp-json\/wp\/v2\/tags?post=900"}],"curies":[{"name":"wp","href":"https:\/\/api.w.org\/{rel}","templated":true}]}}