{"id":844,"date":"2014-05-09T22:17:36","date_gmt":"2014-05-09T20:17:36","guid":{"rendered":"http:\/\/www.aesthetic-cosmetic.com\/blog\/?p=844"},"modified":"2014-05-09T22:17:36","modified_gmt":"2014-05-09T20:17:36","slug":"ausbildung-farb-stil-und-imageberaterin","status":"publish","type":"post","link":"https:\/\/www.aesthetic-cosmetic.com\/blog\/2014\/05\/ausbildung-farb-stil-und-imageberaterin\/","title":{"rendered":"Ausbildung Farb-, Stil und Imageberaterin"},"content":{"rendered":"<figure id=\"attachment_847\" aria-describedby=\"caption-attachment-847\" style=\"width: 300px\" class=\"wp-caption aligncenter\"><a href=\"https:\/\/www.aesthetic-cosmetic.com\/blog\/wp-content\/uploads\/2014\/05\/P1000090.jpg\"><img loading=\"lazy\" decoding=\"async\" class=\"size-medium wp-image-847\" title=\"P1000090\" src=\"https:\/\/www.aesthetic-cosmetic.com\/blog\/wp-content\/uploads\/2014\/05\/P1000090-300x225.jpg\" alt=\"\" width=\"300\" height=\"225\" srcset=\"https:\/\/www.aesthetic-cosmetic.com\/blog\/wp-content\/uploads\/2014\/05\/P1000090-300x225.jpg 300w, https:\/\/www.aesthetic-cosmetic.com\/blog\/wp-content\/uploads\/2014\/05\/P1000090-1024x768.jpg 1024w\" sizes=\"auto, (max-width: 300px) 100vw, 300px\" \/><\/a><figcaption id=\"caption-attachment-847\" class=\"wp-caption-text\">Seminar Farb-, Stil- und Imageberater\/in<\/figcaption><\/figure>\n<p>&nbsp;<\/p>\n<p>Wer <a title=\"Farb- und Stilberatung lernen\" href=\"http:\/\/www.aesthetic-cosmetic.com\/fernstudium\/farb-stil-und-imageberaterin.html\"><strong>Farb- und Stilberaterin lernen<\/strong><\/a> m\u00f6chte, interessiert sich f\u00fcr ein interessantes Berufsbild des Coaching: die Mithilfe zum beruflichen und privaten Erfolg der Personen, die uns konsultieren, um dieses Ziel zu erreichen.<\/p>\n<p>Die <a title=\"Ausbildung Farb und Stil\" href=\"http:\/\/www.aesthetic-cosmetic.com\/fernstudium\/farb-stil-und-imageberaterin.html\"><strong>Ausbildung zur Farb- und Stilberaterin<\/strong><\/a> bzw. zum <a title=\"Ausbildung Farb und Stil Coach\" href=\"http:\/\/www.aesthetic-cosmetic.com\/fernstudium\/farb-stil-und-imageberaterin.html\"><strong>Farb- und Stilcoach<\/strong><\/a> setzt sich bei <a title=\"Kosmetikschule\" href=\"http:\/\/www.aesthetic-cosmetic.com\/\"><strong>aesthetic + cosmetic<\/strong><\/a> aus <a title=\"Fernlehrgang Farb Stil\" href=\"http:\/\/www.aesthetic-cosmetic.com\/fernstudium\/fernunterrichte-learning.html\"><strong>Fernlehrgang<\/strong><\/a> oder <a title=\"Onlinelernen Farb Stil\" href=\"http:\/\/www.aesthetic-cosmetic.com\/fernstudium\/fernunterrichte-learning.html\"><strong>e-learning<\/strong><\/a> und einer Pr\u00e4senzphase zusammen. Es handelt sich nicht um stures, langweiliges Lernen, auch der &#8222;Spa\u00dffaktor&#8220; erh\u00f6ht die Lernf\u00e4higkeit.<\/p>\n<figure id=\"attachment_846\" aria-describedby=\"caption-attachment-846\" style=\"width: 300px\" class=\"wp-caption aligncenter\"><a href=\"https:\/\/www.aesthetic-cosmetic.com\/blog\/wp-content\/uploads\/2014\/05\/P1000080.jpg\"><img loading=\"lazy\" decoding=\"async\" class=\"size-medium wp-image-846\" title=\"P1000080\" src=\"https:\/\/www.aesthetic-cosmetic.com\/blog\/wp-content\/uploads\/2014\/05\/P1000080-300x225.jpg\" alt=\"\" width=\"300\" height=\"225\" srcset=\"https:\/\/www.aesthetic-cosmetic.com\/blog\/wp-content\/uploads\/2014\/05\/P1000080-300x225.jpg 300w, https:\/\/www.aesthetic-cosmetic.com\/blog\/wp-content\/uploads\/2014\/05\/P1000080-1024x768.jpg 1024w\" sizes=\"auto, (max-width: 300px) 100vw, 300px\" \/><\/a><figcaption id=\"caption-attachment-846\" class=\"wp-caption-text\">Mit Freude Farb und Stilberaterin lernen<\/figcaption><\/figure>\n<p>&nbsp;<\/p>\n<p>&nbsp;<\/p>\n<p>Wir w\u00fcnschen unseren Teilnehmerinnen an der <a title=\"Ausbildung Farb Stil Imageberaterin\" href=\"http:\/\/www.aesthetic-cosmetic.com\/fernstudium\/farb-stil-und-imageberaterin.html\"><strong>Ausbildung zur Farb-, Stil- und Imageberaterin<\/strong><\/a> einen erfolgreichen Einstieg in die zukunftstr\u00e4chtige T\u00e4tigkeit des Coachings. Steigen Sie und Ihre zuk\u00fcnftigen Kunden und Kundinnen die Leiter des Erfolgs und der Zufriedenheit hinauf!<\/p>\n","protected":false},"excerpt":{"rendered":"<p>&nbsp; Wer Farb- und Stilberaterin lernen m\u00f6chte, interessiert sich f\u00fcr ein interessantes Berufsbild des Coaching: die Mithilfe zum beruflichen und privaten Erfolg der Personen, die uns konsultieren, um dieses Ziel zu erreichen. Die Ausbildung zur Farb- und Stilberaterin bzw. zum Farb- und Stilcoach setzt sich bei aesthetic + cosmetic aus Fernlehrgang oder e-learning und einer [&hellip;]<\/p>\n","protected":false},"author":2,"featured_media":0,"comment_status":"open","ping_status":"open","sticky":false,"template":"","format":"standard","meta":{"footnotes":""},"categories":[41,3,42,7,59],"tags":[36,40,45,5,11,4,17,73,43,74,24,9,26,25,63,12,10],"class_list":["post-844","post","type-post","status-publish","format-standard","hentry","category-ausbildung","category-fernunterricht","category-kosmetik","category-kosmetikerin","category-visagismus-make-up","tag-ausbildung-zur-kosmetikerin","tag-diplomkosmetikerin","tag-farb-und-stilberaterin","tag-fernlehrgang","tag-fernlehrgange","tag-fernlernen","tag-fernschule","tag-fernunterricht","tag-kosmetik-akademie","tag-kosmetikerin","tag-kosmetikschule","tag-make-up-fachfrau","tag-make-up-artist","tag-maskenbildner","tag-shireen-make-up","tag-visagist","tag-visagistin"],"_links":{"self":[{"href":"https:\/\/www.aesthetic-cosmetic.com\/blog\/wp-json\/wp\/v2\/posts\/844","targetHints":{"allow":["GET"]}}],"collection":[{"href":"https:\/\/www.aesthetic-cosmetic.com\/blog\/wp-json\/wp\/v2\/posts"}],"about":[{"href":"https:\/\/www.aesthetic-cosmetic.com\/blog\/wp-json\/wp\/v2\/types\/post"}],"author":[{"embeddable":true,"href":"https:\/\/www.aesthetic-cosmetic.com\/blog\/wp-json\/wp\/v2\/users\/2"}],"replies":[{"embeddable":true,"href":"https:\/\/www.aesthetic-cosmetic.com\/blog\/wp-json\/wp\/v2\/comments?post=844"}],"version-history":[{"count":2,"href":"https:\/\/www.aesthetic-cosmetic.com\/blog\/wp-json\/wp\/v2\/posts\/844\/revisions"}],"predecessor-version":[{"id":849,"href":"https:\/\/www.aesthetic-cosmetic.com\/blog\/wp-json\/wp\/v2\/posts\/844\/revisions\/849"}],"wp:attachment":[{"href":"https:\/\/www.aesthetic-cosmetic.com\/blog\/wp-json\/wp\/v2\/media?parent=844"}],"wp:term":[{"taxonomy":"category","embeddable":true,"href":"https:\/\/www.aesthetic-cosmetic.com\/blog\/wp-json\/wp\/v2\/categories?post=844"},{"taxonomy":"post_tag","embeddable":true,"href":"https:\/\/www.aesthetic-cosmetic.com\/blog\/wp-json\/wp\/v2\/tags?post=844"}],"curies":[{"name":"wp","href":"https:\/\/api.w.org\/{rel}","templated":true}]}}