{"id":828,"date":"2014-05-04T19:48:15","date_gmt":"2014-05-04T17:48:15","guid":{"rendered":"http:\/\/www.aesthetic-cosmetic.com\/blog\/?p=828"},"modified":"2014-05-22T19:51:09","modified_gmt":"2014-05-22T17:51:09","slug":"schminken-lernen-make-up-lernen","status":"publish","type":"post","link":"https:\/\/www.aesthetic-cosmetic.com\/blog\/2014\/05\/schminken-lernen-make-up-lernen\/","title":{"rendered":"Schminken lernen &#8211; Make-up lernen"},"content":{"rendered":"<p>Dieses Wochenende unter dem Motto: <a title=\"Make-up Seminar\" href=\"http:\/\/www.aesthetic-cosmetic.com\/kurse-seminare\/visagismus\/visagismus-grundseminar.html\"><strong>Make-up-Seminar<\/strong><\/a> <a title=\"shireen make-up\" href=\"http:\/\/www.aesthetic-cosmetic.com\/produkte\/shireen-professionelles-make-up\/shireen-professionelles-make-up.html\"><strong>shireen<\/strong><\/a> an der <strong><a title=\"Kosmetikschule\" href=\"http:\/\/www.aesthetic-cosmetic.com\/fernstudium\/kosmetikerin.html\">Kosmetikschule<\/a> <a title=\"Kosmetikschule\" href=\"http:\/\/www.aesthetic-cosmetic.com\/\">aesthetic + cosmetic<\/a><\/strong>: 2 Tage \u00fcbten die Teilnehmerinnen Tages- und Abend-Make-up unter Ber\u00fccksichtigung der neuesten Trends. Wie auf den Bildern zu erkennen, wurde die kreative Seite der Kosmetik mit Spa\u00df aber auch mit dem notwendigen Eifer angegangen und es wurde ge\u00fcbt, ge\u00fcbt, ge\u00fcbt &#8230;<\/p>\n<figure id=\"attachment_835\" aria-describedby=\"caption-attachment-835\" style=\"width: 450px\" class=\"wp-caption aligncenter\"><a href=\"https:\/\/www.aesthetic-cosmetic.com\/blog\/wp-content\/uploads\/2014\/05\/P1000078.jpg\"><img loading=\"lazy\" decoding=\"async\" class=\"size-large wp-image-835\" title=\"P1000078\" src=\"https:\/\/www.aesthetic-cosmetic.com\/blog\/wp-content\/uploads\/2014\/05\/P1000078-1024x768.jpg\" alt=\"shireen make-up artist\" width=\"450\" height=\"337\" srcset=\"https:\/\/www.aesthetic-cosmetic.com\/blog\/wp-content\/uploads\/2014\/05\/P1000078-1024x768.jpg 1024w, https:\/\/www.aesthetic-cosmetic.com\/blog\/wp-content\/uploads\/2014\/05\/P1000078-300x225.jpg 300w\" sizes=\"auto, (max-width: 450px) 100vw, 450px\" \/><\/a><figcaption id=\"caption-attachment-835\" class=\"wp-caption-text\">shireen make-up artist<\/figcaption><\/figure>\n<p>Der &#8222;Lohn&#8220; der &#8222;M\u00fche mit Freude&#8220; ein Abschlusszertifikat f\u00fcr <a title=\"Make-up shireen\" href=\"http:\/\/www.aesthetic-cosmetic.com\/produkte\/shireen-professionelles-make-up\/shireen-professionelles-make-up.html\"><strong>shireen-Make-up<\/strong><\/a> und \u00fcber die Grundlagen des <a title=\"Visagismus lernen\" href=\"http:\/\/www.aesthetic-cosmetic.com\/kurse-seminare\/visagismus\/visagismus-grundseminar.html\"><strong>Visagismus<\/strong><\/a>. <a title=\"Visagismus lernen\" href=\"http:\/\/www.aesthetic-cosmetic.com\/kurse-seminare\/visagismus\/visagismus-grundseminar.html\"><strong>Visagismus lernen<\/strong><\/a> macht Freude! Ein m\u00f6glicher Grundstock f\u00fcr die <a title=\"Ausbildung Visagist\" href=\"http:\/\/www.aesthetic-cosmetic.com\/fernstudium\/make-up-fachfraumann-visagistin.html\"><strong>Ausbildung zur Visagistin<\/strong><\/a>.<\/p>\n<p><a title=\"Visagist werden\" href=\"http:\/\/www.aesthetic-cosmetic.com\/fernstudium\/make-up-fachfraumann-visagistin.html\"><strong>Visagistin werden<\/strong><\/a> hei\u00dft, Grundbegriffe des <a title=\"Visagismus lernen\" href=\"http:\/\/www.aesthetic-cosmetic.com\/kurse-seminare\/visagismus\/visagismus-grundseminar.html\"><strong>Visagismus lernen<\/strong><\/a> und \u00fcben, um anschlie\u00dfend die <a title=\"Ausbildung Visagist\" href=\"http:\/\/www.aesthetic-cosmetic.com\/fernstudium\/make-up-fachfraumann-visagistin.html\"><strong>Ausbildung zur Visagistin<\/strong><\/a> beginnen zu k\u00f6nnen. Der kr\u00f6nende Abschluss: der <a title=\"Make-up artist werden\" href=\"http:\/\/www.aesthetic-cosmetic.com\/fernstudium\/make-up-fachfraumann-visagistin.html\"><strong>Make-up Artist<\/strong><\/a>!<\/p>\n<p><a href=\"https:\/\/www.aesthetic-cosmetic.com\/blog\/wp-content\/uploads\/2014\/05\/P1000076.jpg\"><img loading=\"lazy\" decoding=\"async\" class=\"aligncenter size-medium wp-image-866\" title=\"P1000076\" src=\"https:\/\/www.aesthetic-cosmetic.com\/blog\/wp-content\/uploads\/2014\/05\/P1000076-300x107.jpg\" alt=\"\" width=\"300\" height=\"107\" srcset=\"https:\/\/www.aesthetic-cosmetic.com\/blog\/wp-content\/uploads\/2014\/05\/P1000076-300x107.jpg 300w, https:\/\/www.aesthetic-cosmetic.com\/blog\/wp-content\/uploads\/2014\/05\/P1000076-1024x367.jpg 1024w\" sizes=\"auto, (max-width: 300px) 100vw, 300px\" \/><\/a><\/p>\n<p>&nbsp;<\/p>\n","protected":false},"excerpt":{"rendered":"<p>Dieses Wochenende unter dem Motto: Make-up-Seminar shireen an der Kosmetikschule aesthetic + cosmetic: 2 Tage \u00fcbten die Teilnehmerinnen Tages- und Abend-Make-up unter Ber\u00fccksichtigung der neuesten Trends. Wie auf den Bildern zu erkennen, wurde die kreative Seite der Kosmetik mit Spa\u00df aber auch mit dem notwendigen Eifer angegangen und es wurde ge\u00fcbt, ge\u00fcbt, ge\u00fcbt &#8230; Der [&hellip;]<\/p>\n","protected":false},"author":2,"featured_media":0,"comment_status":"open","ping_status":"open","sticky":false,"template":"","format":"standard","meta":{"footnotes":""},"categories":[41,42,7,27,64,59],"tags":[36,45,6,43,74,24,9,26,25,12],"class_list":["post-828","post","type-post","status-publish","format-standard","hentry","category-ausbildung","category-kosmetik","category-kosmetikerin","category-kurseseminare","category-shireen","category-visagismus-make-up","tag-ausbildung-zur-kosmetikerin","tag-farb-und-stilberaterin","tag-fernlehrgang-zur-kosmetikerin","tag-kosmetik-akademie","tag-kosmetikerin","tag-kosmetikschule","tag-make-up-fachfrau","tag-make-up-artist","tag-maskenbildner","tag-visagist"],"_links":{"self":[{"href":"https:\/\/www.aesthetic-cosmetic.com\/blog\/wp-json\/wp\/v2\/posts\/828","targetHints":{"allow":["GET"]}}],"collection":[{"href":"https:\/\/www.aesthetic-cosmetic.com\/blog\/wp-json\/wp\/v2\/posts"}],"about":[{"href":"https:\/\/www.aesthetic-cosmetic.com\/blog\/wp-json\/wp\/v2\/types\/post"}],"author":[{"embeddable":true,"href":"https:\/\/www.aesthetic-cosmetic.com\/blog\/wp-json\/wp\/v2\/users\/2"}],"replies":[{"embeddable":true,"href":"https:\/\/www.aesthetic-cosmetic.com\/blog\/wp-json\/wp\/v2\/comments?post=828"}],"version-history":[{"count":4,"href":"https:\/\/www.aesthetic-cosmetic.com\/blog\/wp-json\/wp\/v2\/posts\/828\/revisions"}],"predecessor-version":[{"id":834,"href":"https:\/\/www.aesthetic-cosmetic.com\/blog\/wp-json\/wp\/v2\/posts\/828\/revisions\/834"}],"wp:attachment":[{"href":"https:\/\/www.aesthetic-cosmetic.com\/blog\/wp-json\/wp\/v2\/media?parent=828"}],"wp:term":[{"taxonomy":"category","embeddable":true,"href":"https:\/\/www.aesthetic-cosmetic.com\/blog\/wp-json\/wp\/v2\/categories?post=828"},{"taxonomy":"post_tag","embeddable":true,"href":"https:\/\/www.aesthetic-cosmetic.com\/blog\/wp-json\/wp\/v2\/tags?post=828"}],"curies":[{"name":"wp","href":"https:\/\/api.w.org\/{rel}","templated":true}]}}