{"id":762,"date":"2014-02-23T23:20:00","date_gmt":"2014-02-23T21:20:00","guid":{"rendered":"http:\/\/www.aesthetic-cosmetic.com\/blog\/?p=762"},"modified":"2014-02-23T23:20:00","modified_gmt":"2014-02-23T21:20:00","slug":"die-kosmetikschule","status":"publish","type":"post","link":"https:\/\/www.aesthetic-cosmetic.com\/blog\/2014\/02\/die-kosmetikschule\/","title":{"rendered":"Die Kosmetikschule"},"content":{"rendered":"<p>Die <a title=\"Kosmetikschule\" href=\"http:\/\/www.aesthetic-cosmetic.com\/fernstudium\/kosmetikerin.html\"><strong>Kosmetikschule<\/strong><\/a> von aesthetic + cosmetic baut auf einer langen Tradition auf. Gegr\u00fcndet wurde sie im Jahre 1986, ist also \u00fcber 27 Jahre alt.<\/p>\n<p>Wer bei unserer <a title=\"Kosmetikschule\" href=\"http:\/\/www.aesthetic-cosmetic.com\/fernstudium\/kosmetikerin.html\"><strong>Kosmetikschule<\/strong><\/a> <a title=\"Kosmetikerin\" href=\"http:\/\/www.aesthetic-cosmetic.com\/fernstudium\/kosmetikerin.html\"><strong>Kosmetikerin werden<\/strong><\/a> m\u00f6chte, wird merken, dass unsere Tradition nicht an &#8222;alten Z\u00f6pfen h\u00e4ngenbleibt&#8220;, sondern auf fast drei\u00dfigj\u00e4hriger Erfahrung aufbaut und moderne Inhalte und Unterrichtsmethoden hinzuf\u00fcgt.<\/p>\n<p>Inhalte f\u00fchren von der reinen <a title=\"Kosmetik lernen\" href=\"http:\/\/www.aesthetic-cosmetic.com\/fernstudium\/kosmetikerin.html\"><strong>Kosmetik<\/strong><\/a> \u00fcber <a title=\"Wellness lernen\" href=\"http:\/\/www.aesthetic-cosmetic.com\/fernstudium\/wellness-und-beauty-fachfrau.html\"><strong>Wellness<\/strong><\/a> und <a title=\"Make-up lernen\" href=\"http:\/\/www.aesthetic-cosmetic.com\/fernstudium\/make-up-fachfraumann-visagistin.html\"><strong>Make-up<\/strong><\/a> bis zur Gesundheitsvorsorge mit Hilfe der gesunden <a title=\"Ern\u00e4hrung lernen\" href=\"http:\/\/www.aesthetic-cosmetic.com\/fernstudium\/ernaehrungs-fachfraumann-food-coach.html\"><strong>Ern\u00e4hrung<\/strong><\/a>. Die Methoden erstrecken sich vom Pr\u00e4senzunterricht \u00fcber den Fernunterricht zum Onlinelernen, das eine Individualisierung und Flexibilisierung von Aufenthaltsort, Lerntempo und Lernzeit erm\u00f6glicht.<\/p>\n<p><a title=\"Ausbildung kosmetikerin\" href=\"http:\/\/www.aesthetic-cosmetic.com\/fernstudium\/kosmetikerin.html\"><strong>Ausbildung zur Kosmetikerin<\/strong><\/a> oder Weiterbildung in Wellness, Make-up und Ern\u00e4hrung an der <a title=\"Kosmetikschule\" href=\"http:\/\/www.aesthetic-cosmetic.com\/fernstudium\/kosmetikerin.html\"><strong>Kosmetikschule<\/strong><\/a> von aesthetic + cosmetic, die Grundlage f\u00fcr eine erfolgreiche Zukunft.<\/p>\n","protected":false},"excerpt":{"rendered":"<p>Die Kosmetikschule von aesthetic + cosmetic baut auf einer langen Tradition auf. Gegr\u00fcndet wurde sie im Jahre 1986, ist also \u00fcber 27 Jahre alt. Wer bei unserer Kosmetikschule Kosmetikerin werden m\u00f6chte, wird merken, dass unsere Tradition nicht an &#8222;alten Z\u00f6pfen h\u00e4ngenbleibt&#8220;, sondern auf fast drei\u00dfigj\u00e4hriger Erfahrung aufbaut und moderne Inhalte und Unterrichtsmethoden hinzuf\u00fcgt. Inhalte f\u00fchren [&hellip;]<\/p>\n","protected":false},"author":2,"featured_media":0,"comment_status":"open","ping_status":"open","sticky":false,"template":"","format":"standard","meta":{"footnotes":""},"categories":[41,57,3,42,7,27,59,13],"tags":[36,40,47,48,5,6,11,17,73,43,74,24,26,25,63,8,18],"class_list":["post-762","post","type-post","status-publish","format-standard","hentry","category-ausbildung","category-ernahrungs-fachfrau","category-fernunterricht","category-kosmetik","category-kosmetikerin","category-kurseseminare","category-visagismus-make-up","category-wellness","tag-ausbildung-zur-kosmetikerin","tag-diplomkosmetikerin","tag-ernahrungs-fachfraumann","tag-ernahrungsberaterin","tag-fernlehrgang","tag-fernlehrgang-zur-kosmetikerin","tag-fernlehrgange","tag-fernschule","tag-fernunterricht","tag-kosmetik-akademie","tag-kosmetikerin","tag-kosmetikschule","tag-make-up-artist","tag-maskenbildner","tag-shireen-make-up","tag-wellness-beauty-fachfrau","tag-wellness-und-beauty-fachfrau"],"_links":{"self":[{"href":"https:\/\/www.aesthetic-cosmetic.com\/blog\/wp-json\/wp\/v2\/posts\/762","targetHints":{"allow":["GET"]}}],"collection":[{"href":"https:\/\/www.aesthetic-cosmetic.com\/blog\/wp-json\/wp\/v2\/posts"}],"about":[{"href":"https:\/\/www.aesthetic-cosmetic.com\/blog\/wp-json\/wp\/v2\/types\/post"}],"author":[{"embeddable":true,"href":"https:\/\/www.aesthetic-cosmetic.com\/blog\/wp-json\/wp\/v2\/users\/2"}],"replies":[{"embeddable":true,"href":"https:\/\/www.aesthetic-cosmetic.com\/blog\/wp-json\/wp\/v2\/comments?post=762"}],"version-history":[{"count":2,"href":"https:\/\/www.aesthetic-cosmetic.com\/blog\/wp-json\/wp\/v2\/posts\/762\/revisions"}],"predecessor-version":[{"id":764,"href":"https:\/\/www.aesthetic-cosmetic.com\/blog\/wp-json\/wp\/v2\/posts\/762\/revisions\/764"}],"wp:attachment":[{"href":"https:\/\/www.aesthetic-cosmetic.com\/blog\/wp-json\/wp\/v2\/media?parent=762"}],"wp:term":[{"taxonomy":"category","embeddable":true,"href":"https:\/\/www.aesthetic-cosmetic.com\/blog\/wp-json\/wp\/v2\/categories?post=762"},{"taxonomy":"post_tag","embeddable":true,"href":"https:\/\/www.aesthetic-cosmetic.com\/blog\/wp-json\/wp\/v2\/tags?post=762"}],"curies":[{"name":"wp","href":"https:\/\/api.w.org\/{rel}","templated":true}]}}