{"id":697,"date":"2014-01-30T20:20:53","date_gmt":"2014-01-30T18:20:53","guid":{"rendered":"http:\/\/www.aesthetic-cosmetic.com\/blog\/?p=697"},"modified":"2014-01-30T20:20:53","modified_gmt":"2014-01-30T18:20:53","slug":"med-fuspflegeseminar-10-bis-14-marz-2014-last-minute-angebot","status":"publish","type":"post","link":"https:\/\/www.aesthetic-cosmetic.com\/blog\/2014\/01\/med-fuspflegeseminar-10-bis-14-marz-2014-last-minute-angebot\/","title":{"rendered":"Med. Fu\u00dfpflegeseminar 10. bis 14. M\u00e4rz 2014 \/ Last-Minute-Angebot"},"content":{"rendered":"<p>Wer <a title=\"med. Fu\u00dfpflege lernen\" href=\"http:\/\/www.aesthetic-cosmetic.com\/kurse-seminare\/fusspflege-und-erweiterungen\/fusspflege.html\"><strong>med. Fu\u00dfpflege<\/strong><\/a> an der <a title=\"Fu\u00dfpflegeschule\" href=\"http:\/\/www.aesthetic-cosmetic.com\/kurse-seminare\/fusspflege-und-erweiterungen\/fusspflege.html\"><strong>Fu\u00dfpflegeschule<\/strong><\/a> von <a title=\"Kosmetikschule\" href=\"http:\/\/www.aesthetic-cosmetic.com\/\"><strong>aesthetic + cosmetic<\/strong><\/a> lernen m\u00f6chte, sollte sich sofort zum <a title=\"Fu\u00dfpflegeseminar\" href=\"http:\/\/www.aesthetic-cosmetic.com\/kurse-seminare\/fusspflege-und-erweiterungen\/fusspflege.html\"><strong>Fu\u00dfpflegeseminar<\/strong><\/a> bzw. <a title=\"Fu\u00dfpflegekurs\" href=\"http:\/\/www.aesthetic-cosmetic.com\/kurse-seminare\/fusspflege-und-erweiterungen\/fusspflege.html\"><strong>Fu\u00dfpflegekurs<\/strong><\/a> vom 10. bis 14. M\u00e4rz 2014 anmelden. F\u00fcr drei Kurzentschlossene bieten wir seit gestern einen Sonderpreis von 590,00 \u20ac statt 720 \u20ac an.<\/p>\n<p>Zwei Karrierewillige haben sich bereits zu diesem <a title=\"Fu\u00dfpflegeseminar\" href=\"http:\/\/www.aesthetic-cosmetic.com\/kurse-seminare\/fusspflege-und-erweiterungen\/fusspflege.html\"><strong>Fu\u00dfpflegeseminar<\/strong><\/a> angemeldet. <strong><em>Wir k\u00f6nnen also nur noch einen Platz vergeben!<\/em><\/strong><\/p>\n<p>Nutzen Sie Ihre Chancen und lernen Sie <a title=\"medizinische Fu\u00dfpflege lernen\" href=\"http:\/\/www.aesthetic-cosmetic.com\/kurse-seminare\/fusspflege-und-erweiterungen\/fusspflege.html\"><strong>medizinische Fu\u00dfpflege<\/strong><\/a> an unserer <a title=\"Fu\u00dfpflegeschule\" href=\"http:\/\/www.aesthetic-cosmetic.com\/kurse-seminare\/fusspflege-und-erweiterungen\/fusspflege.html\"><strong>Fu\u00dfpflegeschule<\/strong><\/a>, einer Anbieterin von <a title=\"Fu\u00dfpflegeseminare\" href=\"http:\/\/www.aesthetic-cosmetic.com\/kurse-seminare\/fusspflege-und-erweiterungen\/fusspflege.html\"><strong>Fu\u00dfpflegeseminaren<\/strong><\/a> mit grundst\u00e4ndigen Themen, aber auch im Erweiterungsbereich wie der Vorsorge und den Vorsichtsma\u00dfnahmen bei leicht <a title=\"diabetischer Fu\u00df\" href=\"http:\/\/www.aesthetic-cosmetic.com\/kurse-seminare\/medizinische-fusspflege-und-erweiterungen\/der-diabetische-fuss.html\"><strong>diabetischen F\u00fc\u00dfen<\/strong><\/a>.<\/p>\n<p><a title=\"medizinische Fu\u00dfpflege lernen\" href=\"http:\/\/www.aesthetic-cosmetic.com\/kurse-seminare\/fusspflege-und-erweiterungen\/fusspflege.html\"><strong>Medizinische Fu\u00dfpflege lernen<\/strong><\/a>, f\u00fchrt zu einer zukunftstr\u00e4chtigen T\u00e4tigkeit: die Alterspyramide befindet im reziproken Wert im Steigen und damit auch die Vorsorge f\u00fcr unser wichtiges Gehwerkzeug. Aber nicht nur dies ist ein Grund, ein angenehme Fu\u00dfmassage ist f\u00fcr jedes Alter eine Wonne.<\/p>\n<p><a title=\"Fu\u00dfmassage lernen\" href=\"http:\/\/www.aesthetic-cosmetic.com\/kurse-seminare\/ayurveda\/padabhyanga.html\"><strong>Fu\u00dfmassage lernen<\/strong><\/a> ist ebenfalls ein Bestandteil des Seminares in Fu\u00dfpflege, aber auch die <a title=\"Depilation mit Wachs\" href=\"http:\/\/www.shop.depilation.de\/\"><strong>Depilation mit Wachs<\/strong><\/a> bzw. die <a title=\"Haarentfernung mit Wachs\" href=\"http:\/\/www.shop.depilation.de\/\"><strong>Haarentfernung mit Wachs<\/strong><\/a>. Sch\u00f6ne, gesunde F\u00fc\u00dfe: das Thema der <strong>medizinischen Fu\u00dfpflege<\/strong>.<\/p>\n<p>&nbsp;<\/p>\n","protected":false},"excerpt":{"rendered":"<p>Wer med. Fu\u00dfpflege an der Fu\u00dfpflegeschule von aesthetic + cosmetic lernen m\u00f6chte, sollte sich sofort zum Fu\u00dfpflegeseminar bzw. Fu\u00dfpflegekurs vom 10. bis 14. M\u00e4rz 2014 anmelden. F\u00fcr drei Kurzentschlossene bieten wir seit gestern einen Sonderpreis von 590,00 \u20ac statt 720 \u20ac an. Zwei Karrierewillige haben sich bereits zu diesem Fu\u00dfpflegeseminar angemeldet. Wir k\u00f6nnen also nur [&hellip;]<\/p>\n","protected":false},"author":2,"featured_media":0,"comment_status":"open","ping_status":"open","sticky":false,"template":"","format":"standard","meta":{"footnotes":""},"categories":[41,53,61,27],"tags":[20,40,33,32,31,28,30,29,21],"class_list":["post-697","post","type-post","status-publish","format-standard","hentry","category-ausbildung","category-depilation-haarentfernung","category-fuspflege","category-kurseseminare","tag-dauerhafte-haarentfernung","tag-diplomkosmetikerin","tag-fuspfleger","tag-fuspflegerinnen","tag-fuspflegeschule","tag-medizinische-fuspflege","tag-podologe","tag-podologin","tag-sugaring"],"_links":{"self":[{"href":"https:\/\/www.aesthetic-cosmetic.com\/blog\/wp-json\/wp\/v2\/posts\/697","targetHints":{"allow":["GET"]}}],"collection":[{"href":"https:\/\/www.aesthetic-cosmetic.com\/blog\/wp-json\/wp\/v2\/posts"}],"about":[{"href":"https:\/\/www.aesthetic-cosmetic.com\/blog\/wp-json\/wp\/v2\/types\/post"}],"author":[{"embeddable":true,"href":"https:\/\/www.aesthetic-cosmetic.com\/blog\/wp-json\/wp\/v2\/users\/2"}],"replies":[{"embeddable":true,"href":"https:\/\/www.aesthetic-cosmetic.com\/blog\/wp-json\/wp\/v2\/comments?post=697"}],"version-history":[{"count":2,"href":"https:\/\/www.aesthetic-cosmetic.com\/blog\/wp-json\/wp\/v2\/posts\/697\/revisions"}],"predecessor-version":[{"id":699,"href":"https:\/\/www.aesthetic-cosmetic.com\/blog\/wp-json\/wp\/v2\/posts\/697\/revisions\/699"}],"wp:attachment":[{"href":"https:\/\/www.aesthetic-cosmetic.com\/blog\/wp-json\/wp\/v2\/media?parent=697"}],"wp:term":[{"taxonomy":"category","embeddable":true,"href":"https:\/\/www.aesthetic-cosmetic.com\/blog\/wp-json\/wp\/v2\/categories?post=697"},{"taxonomy":"post_tag","embeddable":true,"href":"https:\/\/www.aesthetic-cosmetic.com\/blog\/wp-json\/wp\/v2\/tags?post=697"}],"curies":[{"name":"wp","href":"https:\/\/api.w.org\/{rel}","templated":true}]}}