{"id":680,"date":"2014-01-21T17:32:07","date_gmt":"2014-01-21T15:32:07","guid":{"rendered":"http:\/\/www.aesthetic-cosmetic.com\/blog\/?p=680"},"modified":"2014-01-21T17:32:07","modified_gmt":"2014-01-21T15:32:07","slug":"ausbildung-visagistin-make-up-fachfrau-last-minute","status":"publish","type":"post","link":"https:\/\/www.aesthetic-cosmetic.com\/blog\/2014\/01\/ausbildung-visagistin-make-up-fachfrau-last-minute\/","title":{"rendered":"Ausbildung Visagistin &#8211; Make-up Fachfrau &#8211; Last Minute"},"content":{"rendered":"<p>Wer <a title=\"Make-up lernen\" href=\"http:\/\/www.aesthetic-cosmetic.com\/fernstudium\/make-up-fachfraumann-visagistin.html\"><strong>Make-up lernen<\/strong><\/a> m\u00f6chte, kann dies bei der <a title=\"Kosmetikschule\" href=\"http:\/\/www.aesthetic-cosmetic.com\/fernstudium\/kosmetikerin.html\"><strong>Kosmetikschule<\/strong><\/a> von <a title=\"Kosmetikschule\" href=\"http:\/\/www.aesthetic-cosmetic.com\/\"><strong>aesthetic + cosmetic<\/strong><\/a> zu den g\u00fcnstigen Preisen von 2013 durchf\u00fchren, wenn die Anmeldung zur <a title=\"Ausbildung Visagistin\" href=\"http:\/\/www.aesthetic-cosmetic.com\/fernstudium\/make-up-fachfraumann-visagistin.html\"><strong>Ausbildung zur Visagistin<\/strong><\/a> bzw. <a title=\"Ausbildung Make-up Fachfrau\" href=\"http:\/\/www.aesthetic-cosmetic.com\/fernstudium\/make-up-fachfraumann-visagistin.html\"><strong>Make-up Fachfrau<\/strong><\/a> noch bis Ende Januar 2014 erfolgt. Es handelt sich um ein Kombinationsstudium zur <a title=\"Visagistin werden\" href=\"http:\/\/www.aesthetic-cosmetic.com\/fernstudium\/make-up-fachfraumann-visagistin.html\"><strong>Visagistin<\/strong><\/a>, <a title=\"Make-up Fachfrau werden\" href=\"http:\/\/www.aesthetic-cosmetic.com\/fernstudium\/make-up-fachfraumann-visagistin.html\"><strong>Make-up Fachfrau<\/strong><\/a> und <a title=\"Farb und Stilberater\/in lernen\" href=\"http:\/\/www.aesthetic-cosmetic.com\/fernstudium\/farb-stil-und-imageberaterin.html\"><strong>Farb-, Stil- und Imageberaterin<\/strong><\/a>, bestehend aus <a title=\"Fernstudium\" href=\"http:\/\/www.aesthetic-cosmetic.com\/fernstudium\/fernunterrichte-learning.html\"><strong>Fernstudium<\/strong><\/a> oder <a title=\"online-lernen kosmetik\" href=\"http:\/\/www.aesthetic-cosmetic.com\/fernstudium\/fernunterrichte-learning.html\"><strong>Online-lerne<\/strong>n<\/a> und drei Pr\u00e4senzphasen.<\/p>\n<p>Professionelle Make-up-Produkte <a title=\"shireen kaufen\" href=\"http:\/\/www.aesthetic-cosmetic.com\/produkte\/shireen-professionelles-make-up\/shireen-professionelles-make-up.html\"><strong>shireen kaufen<\/strong><\/a> Sie ebenfalls bei uns.<\/p>\n<p>Nutzen Sie Ihre Chancen, lassen Sie sich in <a title=\"Make-up ausbildung\" href=\"http:\/\/www.aesthetic-cosmetic.com\/fernstudium\/make-up-fachfraumann-visagistin.html\"><strong>Make-up ausbilden<\/strong><\/a>. <a title=\"Visagistin werden\" href=\"http:\/\/www.aesthetic-cosmetic.com\/fernstudium\/make-up-fachfraumann-visagistin.html\"><strong>Visagistin werden<\/strong><\/a>, bedeutet mit dem Willen zur Weiterbildung, einer Portion Selbstbewusstsein und viel Ehrgeiz ausgezeichnete Berufschancen vorzufinden, und sich selbst verwirklichen zu k\u00f6nnen.<\/p>\n<p><a title=\"Make-up lernen\" href=\"http:\/\/www.aesthetic-cosmetic.com\/fernstudium\/make-up-fachfraumann-visagistin.html\"><strong>Make-up lernen<\/strong><\/a>, die sch\u00f6ne Seite der Kosmetik, oder auch die &#8222;kreative Gestaltung von Gesichtsformen&#8220; &#8211;\u00a0 Wunschtraum nicht nur der jungen Damen und Herren, die Kundinnen und Kunden schwerpunkgtsm\u00e4\u00dfig im Gesicht zu schminken und zu stylen. Der Traum von einer gro\u00dfen Karriere kann wahr werden, Starvisagisten bewegen sich auf der gleichen Ebene wie der Filmstar.<\/p>\n","protected":false},"excerpt":{"rendered":"<p>Wer Make-up lernen m\u00f6chte, kann dies bei der Kosmetikschule von aesthetic + cosmetic zu den g\u00fcnstigen Preisen von 2013 durchf\u00fchren, wenn die Anmeldung zur Ausbildung zur Visagistin bzw. Make-up Fachfrau noch bis Ende Januar 2014 erfolgt. Es handelt sich um ein Kombinationsstudium zur Visagistin, Make-up Fachfrau und Farb-, Stil- und Imageberaterin, bestehend aus Fernstudium oder [&hellip;]<\/p>\n","protected":false},"author":2,"featured_media":0,"comment_status":"open","ping_status":"open","sticky":false,"template":"","format":"standard","meta":{"footnotes":""},"categories":[3,42,27,64,59],"tags":[36,40,45,5,6,11,4,17,73,43,24,9,26,25,63,12,10],"class_list":["post-680","post","type-post","status-publish","format-standard","hentry","category-fernunterricht","category-kosmetik","category-kurseseminare","category-shireen","category-visagismus-make-up","tag-ausbildung-zur-kosmetikerin","tag-diplomkosmetikerin","tag-farb-und-stilberaterin","tag-fernlehrgang","tag-fernlehrgang-zur-kosmetikerin","tag-fernlehrgange","tag-fernlernen","tag-fernschule","tag-fernunterricht","tag-kosmetik-akademie","tag-kosmetikschule","tag-make-up-fachfrau","tag-make-up-artist","tag-maskenbildner","tag-shireen-make-up","tag-visagist","tag-visagistin"],"_links":{"self":[{"href":"https:\/\/www.aesthetic-cosmetic.com\/blog\/wp-json\/wp\/v2\/posts\/680","targetHints":{"allow":["GET"]}}],"collection":[{"href":"https:\/\/www.aesthetic-cosmetic.com\/blog\/wp-json\/wp\/v2\/posts"}],"about":[{"href":"https:\/\/www.aesthetic-cosmetic.com\/blog\/wp-json\/wp\/v2\/types\/post"}],"author":[{"embeddable":true,"href":"https:\/\/www.aesthetic-cosmetic.com\/blog\/wp-json\/wp\/v2\/users\/2"}],"replies":[{"embeddable":true,"href":"https:\/\/www.aesthetic-cosmetic.com\/blog\/wp-json\/wp\/v2\/comments?post=680"}],"version-history":[{"count":2,"href":"https:\/\/www.aesthetic-cosmetic.com\/blog\/wp-json\/wp\/v2\/posts\/680\/revisions"}],"predecessor-version":[{"id":682,"href":"https:\/\/www.aesthetic-cosmetic.com\/blog\/wp-json\/wp\/v2\/posts\/680\/revisions\/682"}],"wp:attachment":[{"href":"https:\/\/www.aesthetic-cosmetic.com\/blog\/wp-json\/wp\/v2\/media?parent=680"}],"wp:term":[{"taxonomy":"category","embeddable":true,"href":"https:\/\/www.aesthetic-cosmetic.com\/blog\/wp-json\/wp\/v2\/categories?post=680"},{"taxonomy":"post_tag","embeddable":true,"href":"https:\/\/www.aesthetic-cosmetic.com\/blog\/wp-json\/wp\/v2\/tags?post=680"}],"curies":[{"name":"wp","href":"https:\/\/api.w.org\/{rel}","templated":true}]}}