{"id":630,"date":"2013-12-23T17:58:26","date_gmt":"2013-12-23T15:58:26","guid":{"rendered":"http:\/\/www.aesthetic-cosmetic.com\/blog\/?p=630"},"modified":"2013-12-23T17:58:26","modified_gmt":"2013-12-23T15:58:26","slug":"frohliche-weihnacht","status":"publish","type":"post","link":"https:\/\/www.aesthetic-cosmetic.com\/blog\/2013\/12\/frohliche-weihnacht\/","title":{"rendered":"Fr\u00f6hliche Weihnacht!"},"content":{"rendered":"<p>Allen unseren Kunden, Seminar- und Fernunterrichtsteilnehmern w\u00fcnschen wir eine besinnliche Weihnachtszeit.<\/p>\n<p>Hier noch eine Erinnerung, an alle, die per <a title=\"Fernunterricht Kosmetik\" href=\"http:\/\/www.aesthetic-cosmetic.com\/fernstudium\/fernunterrichte-learning.html\"><strong>Fernunterricht<\/strong><\/a> und\/oder <a title=\"onlinelernen Kosmetik\" href=\"http:\/\/www.aesthetic-cosmetic.com\/fernstudium\/fernunterrichte-learning.html\"><strong>Onlinelernen<\/strong><\/a> mit Praxisanteilen <a title=\"Kosmetiker\/in lernen\" href=\"http:\/\/www.aesthetic-cosmetic.com\/fernstudium\/kosmetikerin.html\"><strong>Kosmetiker\/in<\/strong><\/a>, <a title=\"Ern\u00e4hrungsberater\/in lernen\" href=\"http:\/\/www.aesthetic-cosmetic.com\/fernstudium\/ernaehrungs-fachfraumann-food-coach.html\"><strong>Ern\u00e4hrungsberater\/in<\/strong><\/a> oder <a title=\"Ern\u00e4hrungsfachfrau\/mann lernen\" href=\"http:\/\/www.aesthetic-cosmetic.com\/fernstudium\/ernaehrungs-fachfraumann-food-coach.html\"><strong>Ern\u00e4hrungsfachfrau\/mann<\/strong><\/a>,<a title=\"Ausbildung Visagist\/in\" href=\"http:\/\/www.aesthetic-cosmetic.com\/fernstudium\/make-up-fachfraumann-visagistin.html\"><strong>Visagist\/in<\/strong><\/a>, <a title=\"Make-up Fachfrau\/mann werden\" href=\"http:\/\/www.aesthetic-cosmetic.com\/fernstudium\/make-up-fachfraumann-visagistin.html\"><strong>Make-up Fachfrau\/mann<\/strong><\/a>, <a title=\"Wellness lernen\" href=\"http:\/\/www.aesthetic-cosmetic.com\/fernstudium\/wellness-und-beauty-fachfrau.html\"><strong>Wellness und Beautyfachfrau\/mann<\/strong><\/a>, <a title=\"Kosmetikberater\/in werden\" href=\"http:\/\/www.aesthetic-cosmetic.com\/fernstudium\/fachberaterin-fuer-kosmetik.html\"><strong>Kosmetikberater\/in<\/strong><\/a>, <a title=\"Farb und Stilberater\/in lernen\" href=\"http:\/\/www.aesthetic-cosmetic.com\/fernstudium\/farb-stil-und-imageberaterin.html\"><strong>Farb- und Stilberater\/in<\/strong><\/a> werden m\u00f6chten, beachten Sie den Stichtag &#8222;<a title=\"Fernstudium\" href=\"http:\/\/www.aesthetic-cosmetic.com\/home\/news\/items\/preisgarantie-2013.html\"><strong>31. Dezember 2013<\/strong><\/a>&#8222;. Ab 01. Januar 2014 erh\u00f6hen sich die Preise f\u00fcr die <a title=\"Ausbildung Kosmetikerin\" href=\"http:\/\/www.aesthetic-cosmetic.com\/fernstudium\/kosmetikerin.html\"><strong>Ausbildung zur Kosmetikerin<\/strong><\/a>, <a title=\"Ern\u00e4hrungsberater\/in Ausbildung\" href=\"http:\/\/www.aesthetic-cosmetic.com\/fernstudium\/ernaehrungs-fachfraumann-food-coach.html\"><strong>Ern\u00e4hrungsberater\/in<\/strong><\/a> oder <a title=\"Ern\u00e4hrungsfachfrau\/mann Ausbildung\" href=\"http:\/\/www.aesthetic-cosmetic.com\/fernstudium\/ernaehrungs-fachfraumann-food-coach.html\"><strong>Ern\u00e4hrungsfachfrau\/mann, <\/strong><\/a> <a title=\"Visagist\/in lernen\" href=\"http:\/\/www.aesthetic-cosmetic.com\/fernstudium\/make-up-fachfraumann-visagistin.html\"><strong>Visagistin<\/strong><\/a>, <strong><a title=\"Ausbildung Make-up Fachfrau\/mann\" href=\"http:\/\/www.aesthetic-cosmetic.com\/fernstudium\/make-up-fachfraumann-visagistin.html\">Make-up Fachfrau<\/a><\/strong>, <a title=\"Ausbildung Wellness\" href=\"http:\/\/www.aesthetic-cosmetic.com\/fernstudium\/wellness-und-beauty-fachfrau.html\"><strong>Wellness und Beautyfachfrau<\/strong><\/a> etc. um 4 % bis 6 %. Wer bis 31. Dezember 2013 den <a title=\"Anmelden Kosmetikerin\" href=\"http:\/\/www.aesthetic-cosmetic.com\/home\/news\/items\/preisgarantie-2013.html\"><strong>Fernunterrichtsvertrag<\/strong><\/a> bei uns einreicht, erh\u00e4lt f\u00fcr die gesamte Studienzeit die g\u00fcnstigeren Preise des Jahres 2013. Nutzen Sie diese Chancen f\u00fcr eine <a title=\"Karriere in Kosmetik\" href=\"http:\/\/www.aesthetic-cosmetic.com\/\"><strong>Karriere im Beauty-, Wellness- und Ern\u00e4hrungsbereich<\/strong><\/a> und melden Sie sich diese Woche noch an.<\/p>\n<p>Nun noch einige besinnliche Worte nach Annette Pfeiffer-Kl\u00e4rle<\/p>\n<p>Wir w\u00fcnschen Ihnen eine Zeit<span style=\"color: #000000; font-weight: normal;\"><br \/>\nvoll Ruhe und Besinnlichkeit.<br \/>\nWir w\u00fcnschen Ihnen mit dem Gedicht<br \/>\nein ruhiges Fest mit Kerzenlicht.<br \/>\nWir w\u00fcnschen Ihnen Weihnachtstage<br \/>\nvoller Liebe &#8211; ohne Klage.<\/span><\/p>\n<p><span style=\"color: #000000; font-weight: normal;\">Die &#8222;Mannschaft&#8220; von aesthetic + cosmetic<br \/>\n<\/span><\/p>\n","protected":false},"excerpt":{"rendered":"<p>Allen unseren Kunden, Seminar- und Fernunterrichtsteilnehmern w\u00fcnschen wir eine besinnliche Weihnachtszeit. Hier noch eine Erinnerung, an alle, die per Fernunterricht und\/oder Onlinelernen mit Praxisanteilen Kosmetiker\/in, Ern\u00e4hrungsberater\/in oder Ern\u00e4hrungsfachfrau\/mann,Visagist\/in, Make-up Fachfrau\/mann, Wellness und Beautyfachfrau\/mann, Kosmetikberater\/in, Farb- und Stilberater\/in werden m\u00f6chten, beachten Sie den Stichtag &#8222;31. Dezember 2013&#8222;. Ab 01. Januar 2014 erh\u00f6hen sich die Preise f\u00fcr [&hellip;]<\/p>\n","protected":false},"author":2,"featured_media":0,"comment_status":"open","ping_status":"open","sticky":false,"template":"","format":"standard","meta":{"footnotes":""},"categories":[1,41,57,3,42,7,59,13],"tags":[36,40,47,48,45,5,6,4,17,73,43,24,9,26,25,10,8,18],"class_list":["post-630","post","type-post","status-publish","format-standard","hentry","category-allgemein","category-ausbildung","category-ernahrungs-fachfrau","category-fernunterricht","category-kosmetik","category-kosmetikerin","category-visagismus-make-up","category-wellness","tag-ausbildung-zur-kosmetikerin","tag-diplomkosmetikerin","tag-ernahrungs-fachfraumann","tag-ernahrungsberaterin","tag-farb-und-stilberaterin","tag-fernlehrgang","tag-fernlehrgang-zur-kosmetikerin","tag-fernlernen","tag-fernschule","tag-fernunterricht","tag-kosmetik-akademie","tag-kosmetikschule","tag-make-up-fachfrau","tag-make-up-artist","tag-maskenbildner","tag-visagistin","tag-wellness-beauty-fachfrau","tag-wellness-und-beauty-fachfrau"],"_links":{"self":[{"href":"https:\/\/www.aesthetic-cosmetic.com\/blog\/wp-json\/wp\/v2\/posts\/630","targetHints":{"allow":["GET"]}}],"collection":[{"href":"https:\/\/www.aesthetic-cosmetic.com\/blog\/wp-json\/wp\/v2\/posts"}],"about":[{"href":"https:\/\/www.aesthetic-cosmetic.com\/blog\/wp-json\/wp\/v2\/types\/post"}],"author":[{"embeddable":true,"href":"https:\/\/www.aesthetic-cosmetic.com\/blog\/wp-json\/wp\/v2\/users\/2"}],"replies":[{"embeddable":true,"href":"https:\/\/www.aesthetic-cosmetic.com\/blog\/wp-json\/wp\/v2\/comments?post=630"}],"version-history":[{"count":2,"href":"https:\/\/www.aesthetic-cosmetic.com\/blog\/wp-json\/wp\/v2\/posts\/630\/revisions"}],"predecessor-version":[{"id":632,"href":"https:\/\/www.aesthetic-cosmetic.com\/blog\/wp-json\/wp\/v2\/posts\/630\/revisions\/632"}],"wp:attachment":[{"href":"https:\/\/www.aesthetic-cosmetic.com\/blog\/wp-json\/wp\/v2\/media?parent=630"}],"wp:term":[{"taxonomy":"category","embeddable":true,"href":"https:\/\/www.aesthetic-cosmetic.com\/blog\/wp-json\/wp\/v2\/categories?post=630"},{"taxonomy":"post_tag","embeddable":true,"href":"https:\/\/www.aesthetic-cosmetic.com\/blog\/wp-json\/wp\/v2\/tags?post=630"}],"curies":[{"name":"wp","href":"https:\/\/api.w.org\/{rel}","templated":true}]}}