{"id":63,"date":"2010-11-15T16:43:33","date_gmt":"2010-11-15T14:43:33","guid":{"rendered":"http:\/\/www.aesthetic-cosmetic.com\/blog\/?p=63"},"modified":"2010-11-20T12:56:39","modified_gmt":"2010-11-20T10:56:39","slug":"aesthetic-cosmetic-feiert-geburtstag-mit-jubilaums-rabatt","status":"publish","type":"post","link":"https:\/\/www.aesthetic-cosmetic.com\/blog\/2010\/11\/aesthetic-cosmetic-feiert-geburtstag-mit-jubilaums-rabatt\/","title":{"rendered":"aesthetic + cosmetic feiert Geburtstag mit Jubil\u00e4ums-Rabatt"},"content":{"rendered":"<p>aesthetic + cosmetic feierte am 19. Oktober 2010 seinen 24. Geburtstag: \u201eAlt genug\u201c, um dieses Jubil\u00e4um angemessen zu feiern und gleichzeitig \u201ejugendlich frisch\u201c, seine Kunden und Kursteilnehmer in die Feier einzuschliessen. Die Aktion wurde auf der Webseite publiziert und in <a title=\"Anmeldung Newsletter\" href=\"http:\/\/www.aesthetic-cosmetic.com\/newsletter.html\">einem Newsletter<\/a> an die angemeldeten Personen verschickt.<\/p>\n<p>Bei der Anmeldung zu unserem <a title=\"Fernlehrgang zu Kosmetikein\" href=\"http:\/\/www.aesthetic-cosmetic.com\/fernstudium\/kosmetikerin.html\">Fernlehrgang zur Kosmetikerin<\/a>, <a title=\"Ausbildung zur Visagistin\" href=\"http:\/\/www.aesthetic-cosmetic.com\/fernstudium\/make-up-fachfraumann-visagistin.html\">Visagistin<\/a><a title=\"Ausbildung zur Visagistin\" href=\"http:\/\/www.aesthetic-cosmetic.com\/fernstudium\/make-up-fachfraumann-visagistin.html\">,<\/a> <a title=\"Fernlehrgang Wellness- und Beauty-Fachfrau\" href=\"http:\/\/www.aesthetic-cosmetic.com\/fernstudium\/wellness-und-beauty-fachfrau.html\">Wellness- und Beauty-Fachfrau<\/a> oder einem anderen Seminar, wurden f\u00fcr jedes Unternehmensjahr von aesthetic + cosmetic ein Prozent Preisnachlass gew\u00e4hrt. Dies entspricht einem Rabatt in H\u00f6he von 24 Prozent.<\/p>\n<p>Kostensenkungen sind nicht nur das Motto unserer Regierung und unserer Firmen: Etliche Interessierte nahmen unsere Aktion wahr, mit aesthetic + cosmetic zu feiern und unsere reduzierten Preise in Anspruch zu nehmen.<\/p>\n<p>Weitere Angebote mit Sonderpreisen werden folgen, auch ein entsprechender Jubil\u00e4ums-Rabatt zur kommenden 25-Jahr-Feier. Weiterer Angebote zu verschiedenen \u201eRabatt-Aktionen\u201c und Preisnachl\u00e4ssen bei den <a title=\"Fernlehrgang Kosmetikerin\" href=\"http:\/\/www.aesthetic-cosmetic.com\/fernstudium\/kosmetikerin.html\">Fernlehrg\u00e4ngen zur Kosmetikerin<\/a> oder <a title=\"Fernlehrgang Visagistin\" href=\"http:\/\/www.aesthetic-cosmetic.com\/fernstudium\/make-up-fachfraumann-visagistin.html\">Visagistin<\/a>, inspirierten viele User, sich in die Liste der Empf\u00e4nger <a title=\"Anmeldung Newsletter\" href=\"http:\/\/www.aesthetic-cosmetic.com\/newsletter.html\">unserer Newsletter<\/a> einzutragen.<\/p>\n","protected":false},"excerpt":{"rendered":"<p>aesthetic + cosmetic feierte am 19. Oktober 2010 seinen 24. Geburtstag: \u201eAlt genug\u201c, um dieses Jubil\u00e4um angemessen zu feiern und gleichzeitig \u201ejugendlich frisch\u201c, seine Kunden und Kursteilnehmer in die Feier einzuschliessen. Die Aktion wurde auf der Webseite publiziert und in einem Newsletter an die angemeldeten Personen verschickt. Bei der Anmeldung zu unserem Fernlehrgang zur Kosmetikerin, [&hellip;]<\/p>\n","protected":false},"author":1,"featured_media":0,"comment_status":"open","ping_status":"open","sticky":false,"template":"","format":"standard","meta":{"footnotes":""},"categories":[1],"tags":[5,17,74,19,16,14,15,10,18],"class_list":["post-63","post","type-post","status-publish","format-standard","hentry","category-allgemein","tag-fernlehrgang","tag-fernschule","tag-kosmetikerin","tag-kosten","tag-newsletter","tag-preis","tag-rabatt","tag-visagistin","tag-wellness-und-beauty-fachfrau"],"_links":{"self":[{"href":"https:\/\/www.aesthetic-cosmetic.com\/blog\/wp-json\/wp\/v2\/posts\/63","targetHints":{"allow":["GET"]}}],"collection":[{"href":"https:\/\/www.aesthetic-cosmetic.com\/blog\/wp-json\/wp\/v2\/posts"}],"about":[{"href":"https:\/\/www.aesthetic-cosmetic.com\/blog\/wp-json\/wp\/v2\/types\/post"}],"author":[{"embeddable":true,"href":"https:\/\/www.aesthetic-cosmetic.com\/blog\/wp-json\/wp\/v2\/users\/1"}],"replies":[{"embeddable":true,"href":"https:\/\/www.aesthetic-cosmetic.com\/blog\/wp-json\/wp\/v2\/comments?post=63"}],"version-history":[{"count":3,"href":"https:\/\/www.aesthetic-cosmetic.com\/blog\/wp-json\/wp\/v2\/posts\/63\/revisions"}],"predecessor-version":[{"id":72,"href":"https:\/\/www.aesthetic-cosmetic.com\/blog\/wp-json\/wp\/v2\/posts\/63\/revisions\/72"}],"wp:attachment":[{"href":"https:\/\/www.aesthetic-cosmetic.com\/blog\/wp-json\/wp\/v2\/media?parent=63"}],"wp:term":[{"taxonomy":"category","embeddable":true,"href":"https:\/\/www.aesthetic-cosmetic.com\/blog\/wp-json\/wp\/v2\/categories?post=63"},{"taxonomy":"post_tag","embeddable":true,"href":"https:\/\/www.aesthetic-cosmetic.com\/blog\/wp-json\/wp\/v2\/tags?post=63"}],"curies":[{"name":"wp","href":"https:\/\/api.w.org\/{rel}","templated":true}]}}