{"id":618,"date":"2013-12-13T19:29:40","date_gmt":"2013-12-13T17:29:40","guid":{"rendered":"http:\/\/www.aesthetic-cosmetic.com\/blog\/?p=618"},"modified":"2013-12-13T19:29:40","modified_gmt":"2013-12-13T17:29:40","slug":"kosmetikerin-lernen-ohne-kosmetikschule-zukunftsvisionen-der-nachsten-generation","status":"publish","type":"post","link":"https:\/\/www.aesthetic-cosmetic.com\/blog\/2013\/12\/kosmetikerin-lernen-ohne-kosmetikschule-zukunftsvisionen-der-nachsten-generation\/","title":{"rendered":"Kosmetikerin lernen ohne Kosmetikschule? &#8211; Zukunftsvisionen der n\u00e4chsten Generation"},"content":{"rendered":"<p>Schon in der jetzigen Generation existieren unterschiedliche Ausbildungsm\u00f6glichkeiten f\u00fcr diejenigen Personen, die <a title=\"Kosmetikerin werden\" href=\"http:\/\/www.aesthetic-cosmetic.com\/fernstudium\/kosmetikerin.html\"><strong>Kosmetikerin werden<\/strong><\/a> m\u00f6chten:<\/p>\n<ul>\n<li>Die duale Ausbildung, eine Kombination aus kosmetischer Praxis und staatlicher <a title=\"Kosmetikschule\" href=\"http:\/\/www.aesthetic-cosmetic.com\/fernstudium\/kosmetikerin.html\"><strong>Kosmetikschule<\/strong><\/a>,<\/li>\n<li>die schulische <a title=\"Ausbildung Kosmetikerin\" href=\"http:\/\/www.aesthetic-cosmetic.com\/fernstudium\/kosmetikerin.html\"><strong>Ausbildung zur Kosmetikerin<\/strong><\/a> an einer privaten Schule mit oder ohne staatlicher Anerkennung<\/li>\n<li>die Weiterbildungsma\u00dfnahme zur <a title=\"Kosmetikerin\" href=\"http:\/\/www.aesthetic-cosmetic.com\/fernstudium\/kosmetikerin.html\"><strong>Kosmetikerin<\/strong><\/a> durch eine Kombination aus <a title=\"Fernlernen Kosmetik\" href=\"http:\/\/www.aesthetic-cosmetic.com\/fernstudium\/fernunterrichte-learning.html\"><strong>Fernlernen<\/strong><\/a>, d.h. <a title=\"Fernunterricht Kosmetik\" href=\"http:\/\/www.aesthetic-cosmetic.com\/fernstudium\/fernunterrichte-learning.html\"><strong>Fernunterricht<\/strong><\/a> bzw. <a title=\"Fernstudium Kosmetik\" href=\"http:\/\/www.aesthetic-cosmetic.com\/fernstudium\/fernunterrichte-learning.html\"><strong>Fernstudium<\/strong><\/a> oder <a title=\"onlinelernen Kosmetik\" href=\"http:\/\/www.aesthetic-cosmetic.com\/fernstudium\/fernunterrichte-learning.html\"><strong>online-learning<\/strong><\/a> bzw. <a title=\"e-learning Kosmetik\" href=\"http:\/\/www.aesthetic-cosmetic.com\/fernstudium\/fernunterrichte-learning.html\"><strong>e-learning<\/strong><\/a>, und Praxisanteilen an der <a title=\"Kosmetikschule\" href=\"http:\/\/www.aesthetic-cosmetic.com\/fernstudium\/kosmetikerin.html\"><strong>Kosmetikschule<\/strong><\/a><\/li>\n<\/ul>\n<p>Wie kann die n\u00e4chste Generation, vielleicht die Generation Z, den Beruf der <a title=\"Kosmetikerin lernen\" href=\"http:\/\/www.aesthetic-cosmetic.com\/fernstudium\/kosmetikerin.html\"><strong>Kosmetikerin lernen<\/strong><\/a>, vielleicht ohne <a title=\"Kosmetikschule\" href=\"http:\/\/www.aesthetic-cosmetic.com\/fernstudium\/kosmetikerin.html\"><strong>Kosmetikschule<\/strong><\/a> der traditionellen Art, sicher aber in neuen Formen und mit digitalen Medien? Vermutlich individualisiert sich das Lernen revolution\u00e4r, in dem es nicht nur die <strong><a title=\"Ausbildung zur Kosmetikerin\" href=\"http:\/\/www.aesthetic-cosmetic.com\/fernstudium\/kosmetikerin.html\">Ausbildung zur Kosmetikerin<\/a><\/strong>, sondern auch in allen anderen Berufen beschleunigt und intensiviert. Dies k\u00f6nnte so aussehen, dass die interessiert Person, die <strong><a title=\"Kosmetikerin werden\" href=\"http:\/\/www.aesthetic-cosmetic.com\/fernstudium\/kosmetikerin.html\">Kosmetikerin werden<\/a><\/strong> m\u00f6chte, durch einen virtuellen pers\u00f6nlichen <a title=\"Kosmetikcoach lernen\" href=\"http:\/\/www.aesthetic-cosmetic.com\/fernstudium\/kosmetikerin.html\"><strong>Kosmetikcoach<\/strong><\/a> in projektierter dreidimensionaler Form trainiert wird, und dies in der Theorie als auch in der Praxis.<\/p>\n<p>Was heute als Phantasievorstellung bel\u00e4chelt wird, kann in der Zukunft etwas Allt\u00e4gliches darstellen. Ist Ihnen bewusst, dass vor \u00fcber 125 Jahren noch kein Auto existierte. Heute ist das Leben ohne dieses Verkehrsmittel undenkbar. \u00c4hnliche Wege wird die Wissens- und T\u00e4tigkeitsvermittlung, also auch die <a title=\"Kosmetikerinausbildung\" href=\"http:\/\/www.aesthetic-cosmetic.com\/fernstudium\/kosmetikerin.html\"><strong>Ausbildung zur Kosmetikerin<\/strong><\/a> gehen.<\/p>\n","protected":false},"excerpt":{"rendered":"<p>Schon in der jetzigen Generation existieren unterschiedliche Ausbildungsm\u00f6glichkeiten f\u00fcr diejenigen Personen, die Kosmetikerin werden m\u00f6chten: Die duale Ausbildung, eine Kombination aus kosmetischer Praxis und staatlicher Kosmetikschule, die schulische Ausbildung zur Kosmetikerin an einer privaten Schule mit oder ohne staatlicher Anerkennung die Weiterbildungsma\u00dfnahme zur Kosmetikerin durch eine Kombination aus Fernlernen, d.h. Fernunterricht bzw. Fernstudium oder online-learning [&hellip;]<\/p>\n","protected":false},"author":2,"featured_media":0,"comment_status":"open","ping_status":"open","sticky":false,"template":"","format":"standard","meta":{"footnotes":""},"categories":[3,42,7,27],"tags":[36,40,6,11,4,73,43,74,24],"class_list":["post-618","post","type-post","status-publish","format-standard","hentry","category-fernunterricht","category-kosmetik","category-kosmetikerin","category-kurseseminare","tag-ausbildung-zur-kosmetikerin","tag-diplomkosmetikerin","tag-fernlehrgang-zur-kosmetikerin","tag-fernlehrgange","tag-fernlernen","tag-fernunterricht","tag-kosmetik-akademie","tag-kosmetikerin","tag-kosmetikschule"],"_links":{"self":[{"href":"https:\/\/www.aesthetic-cosmetic.com\/blog\/wp-json\/wp\/v2\/posts\/618","targetHints":{"allow":["GET"]}}],"collection":[{"href":"https:\/\/www.aesthetic-cosmetic.com\/blog\/wp-json\/wp\/v2\/posts"}],"about":[{"href":"https:\/\/www.aesthetic-cosmetic.com\/blog\/wp-json\/wp\/v2\/types\/post"}],"author":[{"embeddable":true,"href":"https:\/\/www.aesthetic-cosmetic.com\/blog\/wp-json\/wp\/v2\/users\/2"}],"replies":[{"embeddable":true,"href":"https:\/\/www.aesthetic-cosmetic.com\/blog\/wp-json\/wp\/v2\/comments?post=618"}],"version-history":[{"count":2,"href":"https:\/\/www.aesthetic-cosmetic.com\/blog\/wp-json\/wp\/v2\/posts\/618\/revisions"}],"predecessor-version":[{"id":620,"href":"https:\/\/www.aesthetic-cosmetic.com\/blog\/wp-json\/wp\/v2\/posts\/618\/revisions\/620"}],"wp:attachment":[{"href":"https:\/\/www.aesthetic-cosmetic.com\/blog\/wp-json\/wp\/v2\/media?parent=618"}],"wp:term":[{"taxonomy":"category","embeddable":true,"href":"https:\/\/www.aesthetic-cosmetic.com\/blog\/wp-json\/wp\/v2\/categories?post=618"},{"taxonomy":"post_tag","embeddable":true,"href":"https:\/\/www.aesthetic-cosmetic.com\/blog\/wp-json\/wp\/v2\/tags?post=618"}],"curies":[{"name":"wp","href":"https:\/\/api.w.org\/{rel}","templated":true}]}}