{"id":578,"date":"2013-11-17T15:13:18","date_gmt":"2013-11-17T13:13:18","guid":{"rendered":"http:\/\/www.aesthetic-cosmetic.com\/blog\/?p=578"},"modified":"2013-11-19T17:27:32","modified_gmt":"2013-11-19T15:27:32","slug":"neue-absolventen-der-kosmetikschule-von-ac","status":"publish","type":"post","link":"https:\/\/www.aesthetic-cosmetic.com\/blog\/2013\/11\/neue-absolventen-der-kosmetikschule-von-ac\/","title":{"rendered":"neue Absolventen der Kosmetikschule von a+c"},"content":{"rendered":"<p>Am 15. November 2013 war es wieder soweit: 12 Damen, die <a title=\"Kosmetikerin lernen\" href=\"http:\/\/www.aesthetic-cosmetic.com\/fernstudium\/kosmetikerin.html\"><strong>Kosmetikerin lernen<\/strong><\/a> wollten, hatten die <strong><a title=\"Kosmetikausbildung\" href=\"http:\/\/www.aesthetic-cosmetic.com\/fernstudium\/kosmetikerin.html\">Kosmetikausbildung<\/a><\/strong> an der <strong><a title=\"Kosmetikschule\" href=\"http:\/\/www.aesthetic-cosmetic.com\/fernstudium\/kosmetikerin.html\">Kosmetikschule<\/a><\/strong> von <strong>aesthetic + cosmetic<\/strong> vor \u00fcber einem Jahr in Angriff genommen, um jetzt das hei\u00df ersehnte Diploma und das Zeugnis zur <strong><a title=\"Kosmetikerin werden\" href=\"http:\/\/www.aesthetic-cosmetic.com\/fernstudium\/kosmetikerin.html\">Kosmetikerin<\/a><\/strong> zu erhalten.<\/p>\n<p>Gratulation an die Absolventen und ein au\u00dferordentliches Lob, die diese anstrengende <a title=\"Asubildung zur Kosmetikerin\" href=\"http:\/\/www.aesthetic-cosmetic.com\/fernstudium\/kosmetikerin.html\"><strong>Ausbildung zur Kosmetikerin<\/strong><\/a> neben Beruf und\/oder Kinder erfolgreich durchf\u00fchrten: eine <strong>nebenberufliche Ausbildung zur Kosmetikerin<\/strong> durch <a title=\"blended learning Kosmetik Wellness\" href=\"http:\/\/www.aesthetic-cosmetic.com\/fernstudium\/fernunterrichte-learning.html\"><strong>blended learning<\/strong><\/a>, d.h. durch <a title=\"Fernunterricht Kosmetik Wellness\" href=\"http:\/\/www.aesthetic-cosmetic.com\/fernstudium\/fernunterrichte-learning.html\"><strong>Fernunterricht<\/strong><\/a> oder <a title=\"online lernen Kosmetik Wellness\" href=\"http:\/\/www.aesthetic-cosmetic.com\/fernstudium\/fernunterrichte-learning.html\"><strong>e-Learning<\/strong><\/a> in Verbindung mit einem Praxisseminar und einer schriftlichen und praktischen Abschlusspr\u00fcfung.<\/p>\n<p>Die <a title=\"Ausbildung Kosmetikerin\" href=\"http:\/\/www.aesthetic-cosmetic.com\/fernstudium\/kosmetikerin.html\"><strong>Ausbildung zur Kosmetikerin<\/strong><\/a> war nicht umsonst, denn die beruflichen M\u00f6glichkeiten sind vielz\u00e4hlig und der Bedarf ist gro\u00df. Davon konnten sich die Teilnehmer schon w\u00e4hrend der <strong>statlich zugelassenen und zertifizierten Weiterbildungsma\u00dfnahme zur Kosmetikerin <\/strong>\u00fcberzeugen. Neben der M\u00f6glichkeit, ein Kosmetikinstitut oder ein kleine Kosmetikpraxis zu Hause zu er\u00f6ffnen, konnten sich die Teilnehmer an einer Vielzahl von Angeboten von Kosmetikinstituten, Spas etc., die von der <a title=\"Kosmetikschule\" href=\"http:\/\/www.aesthetic-cosmetic.com\/fernstudium\/kosmetikerin.html\"><strong>Kosmetikschule<\/strong><\/a> <strong>aesthetic + cosmetic<\/strong> ver\u00f6ffentlicht wurden, orientieren.<\/p>\n<p>Wie es aussieht, ist der Bedarf an guten Kosmetikerinnen gr\u00f6\u00dfer als das Angebot. Die Chancen sind ausgezeichnet: Ergreifen Sie die Initiative und lassen Sie sich zur <a title=\"Kosmetikerin Ausbildung\" href=\"http:\/\/www.aesthetic-cosmetic.com\/fernstudium\/kosmetikerin.html\"><strong>Kosmetikerin<\/strong><\/a> ausbilden!<\/p>\n<p style=\"text-align: left;\">Erf\u00fcllen Sie sich Ihren Wunsch und werden Sie <a title=\"Kosmetikerin werden\" href=\"http:\/\/www.aesthetic-cosmetic.com\/fernstudium\/kosmetikerin.html\"><strong>Kosmetikerin<\/strong><\/a>! Bei der <a title=\"Kosmetikschule\" href=\"http:\/\/www.aesthetic-cosmetic.com\/fernstudium\/kosmetikerin.html\"><strong>Kosmetikschule<\/strong><\/a> von <strong>aesthetic + cosmetic<\/strong> ist es nebenberuflich mit modernen Unterrichtsmethoden und -medien m\u00f6glich, und dies staatlich zugelassen, nach der Bildungsnorm AZAV zertifiziert und durch die Bundesagentur f\u00fcr Arbeit als offizielle Weiterbildungsma\u00dfnahme anerkannt.<\/p>\n<p>&nbsp;<\/p>\n","protected":false},"excerpt":{"rendered":"<p>Am 15. November 2013 war es wieder soweit: 12 Damen, die Kosmetikerin lernen wollten, hatten die Kosmetikausbildung an der Kosmetikschule von aesthetic + cosmetic vor \u00fcber einem Jahr in Angriff genommen, um jetzt das hei\u00df ersehnte Diploma und das Zeugnis zur Kosmetikerin zu erhalten. Gratulation an die Absolventen und ein au\u00dferordentliches Lob, die diese anstrengende [&hellip;]<\/p>\n","protected":false},"author":2,"featured_media":0,"comment_status":"open","ping_status":"open","sticky":false,"template":"","format":"standard","meta":{"footnotes":""},"categories":[41,3,42],"tags":[36,40,5,6,4,17,73,43,24,26],"class_list":["post-578","post","type-post","status-publish","format-standard","hentry","category-ausbildung","category-fernunterricht","category-kosmetik","tag-ausbildung-zur-kosmetikerin","tag-diplomkosmetikerin","tag-fernlehrgang","tag-fernlehrgang-zur-kosmetikerin","tag-fernlernen","tag-fernschule","tag-fernunterricht","tag-kosmetik-akademie","tag-kosmetikschule","tag-make-up-artist"],"_links":{"self":[{"href":"https:\/\/www.aesthetic-cosmetic.com\/blog\/wp-json\/wp\/v2\/posts\/578","targetHints":{"allow":["GET"]}}],"collection":[{"href":"https:\/\/www.aesthetic-cosmetic.com\/blog\/wp-json\/wp\/v2\/posts"}],"about":[{"href":"https:\/\/www.aesthetic-cosmetic.com\/blog\/wp-json\/wp\/v2\/types\/post"}],"author":[{"embeddable":true,"href":"https:\/\/www.aesthetic-cosmetic.com\/blog\/wp-json\/wp\/v2\/users\/2"}],"replies":[{"embeddable":true,"href":"https:\/\/www.aesthetic-cosmetic.com\/blog\/wp-json\/wp\/v2\/comments?post=578"}],"version-history":[{"count":15,"href":"https:\/\/www.aesthetic-cosmetic.com\/blog\/wp-json\/wp\/v2\/posts\/578\/revisions"}],"predecessor-version":[{"id":606,"href":"https:\/\/www.aesthetic-cosmetic.com\/blog\/wp-json\/wp\/v2\/posts\/578\/revisions\/606"}],"wp:attachment":[{"href":"https:\/\/www.aesthetic-cosmetic.com\/blog\/wp-json\/wp\/v2\/media?parent=578"}],"wp:term":[{"taxonomy":"category","embeddable":true,"href":"https:\/\/www.aesthetic-cosmetic.com\/blog\/wp-json\/wp\/v2\/categories?post=578"},{"taxonomy":"post_tag","embeddable":true,"href":"https:\/\/www.aesthetic-cosmetic.com\/blog\/wp-json\/wp\/v2\/tags?post=578"}],"curies":[{"name":"wp","href":"https:\/\/api.w.org\/{rel}","templated":true}]}}