{"id":560,"date":"2013-11-07T09:40:23","date_gmt":"2013-11-07T07:40:23","guid":{"rendered":"http:\/\/www.aesthetic-cosmetic.com\/blog\/?p=560"},"modified":"2013-11-07T09:43:28","modified_gmt":"2013-11-07T07:43:28","slug":"medizinische-fuspflege-lernen","status":"publish","type":"post","link":"https:\/\/www.aesthetic-cosmetic.com\/blog\/2013\/11\/medizinische-fuspflege-lernen\/","title":{"rendered":"medizinische Fu\u00dfpflege lernen"},"content":{"rendered":"<p>Interessante Neuigkeiten f\u00fcr denjenigen, der <a title=\"medizinische Fu\u00dfpflege lernen\" href=\"http:\/\/www.aesthetic-cosmetic.com\/kurse-seminare\/fusspflege-und-erweiterungen\/fusspflege.html\"><strong>medizinische Fu\u00dfpflege<\/strong><\/a> lernen und diese T\u00e4tigkeit durchf\u00fchren m\u00f6chte oder bereits durchf\u00fchrt.<\/p>\n<p>Interessant aber auch f\u00fcr die <a title=\"Kosmetikschule\" href=\"http:\/\/www.aesthetic-cosmetic.com\/fernstudium\/kosmetikerin.html\"><strong>Kosmetikschule<\/strong><\/a>, <a title=\"Wellnessschule\" href=\"http:\/\/www.aesthetic-cosmetic.com\/fernstudium\/wellness-und-beauty-fachfrau.html\"><strong>Wellnessschule<\/strong><\/a> und auch die <a title=\"Fu\u00dfpflegeschule\" href=\"http:\/\/www.aesthetic-cosmetic.com\/kurse-seminare\/fusspflege-und-erweiterungen\/fusspflege.html\"><strong>Fu\u00dfpflegeschule<\/strong><\/a>, die dieses Unterrichtsfach f\u00fcr die Personen, die <a title=\"medizinische Fu\u00dfpflege lernen\" href=\"http:\/\/www.aesthetic-cosmetic.com\/kurse-seminare\/fusspflege-und-erweiterungen\/fusspflege.html\"><strong>medizinische Fu\u00dfpflege lernen<\/strong><\/a> m\u00f6chten, anbietet oder anbieten will.<\/p>\n<p>Am 24. September 2013 hat der <strong>Bundesgerichtshof<\/strong>, das <strong>oberste Gericht der Bundesrepublik Deutschland<\/strong> auf dem Gebiet der ordentlichen Gerichtsbarkeit und damit letzte Instanz in Zivil- und Strafverfahren ein Urteil im Zusammenhang mit <a title=\"medizinische Fu\u00dfpflege\" href=\"http:\/\/www.aesthetic-cosmetic.com\/kurse-seminare\/fusspflege-und-erweiterungen\/fusspflege.html\"><strong>medizinischer Fu\u00dfpflege<\/strong><\/a> verk\u00fcndet:<\/p>\n<p>&#8222;&#8230; Die in \u00a7 1 PodG (eig. Anmerkung: Podologengesetz) geregelte Erlaubnispflicht gilt nur im Hinblick auf die F\u00fchrung der Bezeichnung <strong>&#8222;Medizinische Fu\u00dfpflegerin\/Medizinischer Fu\u00dfpfleger&#8220;<\/strong> und verbietet nicht die Werbung f\u00fcr die erlaubnisfreie T\u00e4tigkeit einer <strong>medizinischen Fu\u00dfpflege<\/strong>. &#8230; Durch die \u00a7 1 PodG geregelte Erlaubnispflicht wird lediglich entsprechend der Systematik der \u00fcbrigen Gesundheitsberufe das F\u00fchren der Berufsbezeichnung gesch\u00fctz, nicht aber die T\u00e4tigkeit auf dem Gebiet der <strong>medizinischen Fu\u00dfpflege<\/strong> und die Werbung f\u00fcr diese T\u00e4tigkeit eingeschr\u00e4nkt. Deshalb d\u00fcrfen Personen, die nicht \u00fcber die Erlaubnis zum F\u00fchren der gesch\u00fctzten Berufsbezeichnung verf\u00fcgen, weiterhin fu\u00dfpflegerische Leistungen im Rahmen der allgemeinen rechtlichen Regelungen (insbesondere \u00a7 1 HeilprG) anbieten und auch ihre T\u00e4tigkeit als <strong>&#8222;medizinische Fu\u00dfpflege&#8220;<\/strong> bezeichnen. &#8230;&#8220; (Zitat der Verk\u00fcndung des Bundesgerichtshofs vom 24.09.2013)<\/p>\n<p>Das vollst\u00e4ndige Urteil zur <strong>medizinischen Fu\u00dfpflege<\/strong> kann unter <strong><a title=\"medizinische Fu\u00dfpflege Bundesgerichtshofurteil\" href=\"http:\/\/juris.bundesgerichtshof.de\/cgi-bin\/rechtsprechung\/document.py?Gericht=bgh&amp;Art=en&amp;nr=65733&amp;pos=0&amp;anz=1\">&lt;http:\/\/juris.bundesgerichtshof.de\/cgi-bin\/rechtsprechung\/document.py?Gericht=bgh&amp;Art=en&amp;nr=65733&amp;pos=0&amp;anz=1&gt;<\/a><\/strong> nachgelesen werden.<\/p>\n<p>Fazit: Wer <a title=\"medizinische Fu\u00dfpflege lernen\" href=\"http:\/\/www.aesthetic-cosmetic.com\/kurse-seminare\/fusspflege-und-erweiterungen\/fusspflege.html\"><strong>medizinische Fu\u00dfpflege lernen<\/strong><\/a> m\u00f6chte, sollte die Chance jetzt nutzen. Unser n\u00e4chste Lehrgang in <a title=\"Lehrgang medizinische Fu\u00dfpflege\" href=\"http:\/\/www.aesthetic-cosmetic.com\/kurse-seminare\/fusspflege-und-erweiterungen\/fusspflege.html\"><strong>medizinischer Fu\u00dfpflege<\/strong><\/a> findet vom 02. bis 06. Dezember 2013 statt. Die <a title=\"Ausbildung medizinische Fu\u00dfpflege\" href=\"http:\/\/www.aesthetic-cosmetic.com\/kurse-seminare\/fusspflege-und-erweiterungen\/fusspflege.html\"><strong>Ausbildung in medizischer Fu\u00dfpflege<\/strong><\/a> ist der erste Schritt zu einer erfolgreichen T\u00e4tigkeit in <a title=\"medizinische Fu\u00dfpflege\" href=\"http:\/\/www.aesthetic-cosmetic.com\/kurse-seminare\/fusspflege-und-erweiterungen\/fusspflege.html\"><strong>medizinischer Fu\u00dfpflege<\/strong><\/a>!<\/p>\n<p>Beitrag von <a title=\"Kosmetikschule\" href=\"http:\/\/www.aesthetic-cosmetic.com\/\"><strong>aesthetic + cosmetic marketing GmbH<\/strong><\/a>, Gesch\u00e4ftsf\u00fchrer Hans Peter Gerspacher.<\/p>\n","protected":false},"excerpt":{"rendered":"<p>Interessante Neuigkeiten f\u00fcr denjenigen, der medizinische Fu\u00dfpflege lernen und diese T\u00e4tigkeit durchf\u00fchren m\u00f6chte oder bereits durchf\u00fchrt. Interessant aber auch f\u00fcr die Kosmetikschule, Wellnessschule und auch die Fu\u00dfpflegeschule, die dieses Unterrichtsfach f\u00fcr die Personen, die medizinische Fu\u00dfpflege lernen m\u00f6chten, anbietet oder anbieten will. Am 24. September 2013 hat der Bundesgerichtshof, das oberste Gericht der Bundesrepublik Deutschland [&hellip;]<\/p>\n","protected":false},"author":2,"featured_media":0,"comment_status":"open","ping_status":"open","sticky":false,"template":"","format":"standard","meta":{"footnotes":""},"categories":[61],"tags":[36,33,32,31,28,30,29],"class_list":["post-560","post","type-post","status-publish","format-standard","hentry","category-fuspflege","tag-ausbildung-zur-kosmetikerin","tag-fuspfleger","tag-fuspflegerinnen","tag-fuspflegeschule","tag-medizinische-fuspflege","tag-podologe","tag-podologin"],"_links":{"self":[{"href":"https:\/\/www.aesthetic-cosmetic.com\/blog\/wp-json\/wp\/v2\/posts\/560","targetHints":{"allow":["GET"]}}],"collection":[{"href":"https:\/\/www.aesthetic-cosmetic.com\/blog\/wp-json\/wp\/v2\/posts"}],"about":[{"href":"https:\/\/www.aesthetic-cosmetic.com\/blog\/wp-json\/wp\/v2\/types\/post"}],"author":[{"embeddable":true,"href":"https:\/\/www.aesthetic-cosmetic.com\/blog\/wp-json\/wp\/v2\/users\/2"}],"replies":[{"embeddable":true,"href":"https:\/\/www.aesthetic-cosmetic.com\/blog\/wp-json\/wp\/v2\/comments?post=560"}],"version-history":[{"count":3,"href":"https:\/\/www.aesthetic-cosmetic.com\/blog\/wp-json\/wp\/v2\/posts\/560\/revisions"}],"predecessor-version":[{"id":562,"href":"https:\/\/www.aesthetic-cosmetic.com\/blog\/wp-json\/wp\/v2\/posts\/560\/revisions\/562"}],"wp:attachment":[{"href":"https:\/\/www.aesthetic-cosmetic.com\/blog\/wp-json\/wp\/v2\/media?parent=560"}],"wp:term":[{"taxonomy":"category","embeddable":true,"href":"https:\/\/www.aesthetic-cosmetic.com\/blog\/wp-json\/wp\/v2\/categories?post=560"},{"taxonomy":"post_tag","embeddable":true,"href":"https:\/\/www.aesthetic-cosmetic.com\/blog\/wp-json\/wp\/v2\/tags?post=560"}],"curies":[{"name":"wp","href":"https:\/\/api.w.org\/{rel}","templated":true}]}}