{"id":557,"date":"2013-11-06T12:35:06","date_gmt":"2013-11-06T10:35:06","guid":{"rendered":"http:\/\/www.aesthetic-cosmetic.com\/blog\/?p=557"},"modified":"2013-11-06T12:35:06","modified_gmt":"2013-11-06T10:35:06","slug":"farben-colourcodes-fur-das-image","status":"publish","type":"post","link":"https:\/\/www.aesthetic-cosmetic.com\/blog\/2013\/11\/farben-colourcodes-fur-das-image\/","title":{"rendered":"Farben &#8211; Colourcodes f\u00fcr das Image"},"content":{"rendered":"<p>Der erste Eindruck eines Menschen, die Werbung, die Gestaltung der R\u00e4ume haben etwas gemeinsam: Sie h\u00e4ngen von der <a title=\"Farb und Stilberatung\" href=\"http:\/\/www.aesthetic-cosmetic.com\/fernstudium\/farb-stil-und-imageberaterin.html\"><strong>Farbwahrnehmung<\/strong><\/a> ab.<\/p>\n<p>Die <a title=\"Farbberaterin werden\" href=\"http:\/\/www.aesthetic-cosmetic.com\/fernstudium\/farb-stil-und-imageberaterin.html\"><strong>Farbwahrnehmung<\/strong><\/a> ist gepr\u00e4gt von den unterschiedlichen Kulturen und von den dominanten Zeiterscheinungen bzw. der aktuellen Modeerscheinungen.<\/p>\n<p>Wer <a title=\"Kosmetikerin werden\" href=\"http:\/\/www.aesthetic-cosmetic.com\/fernstudium\/kosmetikerin.html\"><strong>Kosmetikerin werden<\/strong><\/a> m\u00f6chte, wer <a title=\"Visagistin lernen\" href=\"http:\/\/www.aesthetic-cosmetic.com\/fernstudium\/make-up-fachfraumann-visagistin.html\"><strong>Visagistin<\/strong><\/a> werden m\u00f6chte, aber auch wer <a title=\"Farb und Stilberaterin werden\" href=\"http:\/\/www.aesthetic-cosmetic.com\/fernstudium\/farb-stil-und-imageberaterin.html\"><strong>Farb und Stilberaterin<\/strong><\/a> werden m\u00f6chte, muss sich dieses Basiswissen einpr\u00e4gen. <a title=\"Farbberatung lernen\" href=\"http:\/\/www.aesthetic-cosmetic.com\/fernstudium\/farb-stil-und-imageberaterin.html\"><strong>Farbberatung<\/strong><\/a> soll deshalb auch Unterrichtsthema der <a title=\"Kosmetikschule\" href=\"http:\/\/www.aesthetic-cosmetic.com\/fernstudium\/kosmetikerin.html\"><strong>Kosmetikschule<\/strong><\/a> sein, die <a title=\"Visagistenschule\" href=\"http:\/\/www.aesthetic-cosmetic.com\/fernstudium\/make-up-fachfraumann-visagistin.html\"><strong>Visagistenschule<\/strong><\/a> und die <a title=\"Farbberatungsschule\" href=\"http:\/\/www.aesthetic-cosmetic.com\/fernstudium\/farb-stil-und-imageberaterin.html\"><strong>Farbberatungsschule<\/strong><\/a> beinhalten diese Themen auf jeden Fall.<\/p>\n<p>Farbe kann auffallen, aber noch wichtiger, Farbe muss zum Menschen hinf\u00fchren bzw. in Harmonie mit seinem Gesamtbild stehen. Farben im Make-up und in der Kleidung sollen die positiven Merkmale des Menschen wie die Haut, die Haare, die Augen und die Figur verst\u00e4rken. Die Unterrichtseinheit zu <a title=\"Farb und Stil lernen\" href=\"http:\/\/www.aesthetic-cosmetic.com\/fernstudium\/farb-stil-und-imageberaterin.html\"><strong>Farbe und Stil<\/strong><\/a> geh\u00f6rt zur Basis jeder <a title=\"kosmetische Ausbildung\" href=\"http:\/\/www.aesthetic-cosmetic.com\/fernstudium\/kosmetikerin.html\"><strong>kosmetischen Ausbildung<\/strong><\/a> nicht nur zur <a title=\"Ausbildung Make-up\" href=\"http:\/\/www.aesthetic-cosmetic.com\/fernstudium\/make-up-fachfraumann-visagistin.html\"><strong>Ausbildung in Make-up<\/strong><\/a>, <a title=\"Visagismus lernen\" href=\"http:\/\/www.aesthetic-cosmetic.com\/fernstudium\/make-up-fachfraumann-visagistin.html\"><strong>Visagismus<\/strong><\/a>, sowie <a title=\"Farb und Stil lernen\" href=\"http:\/\/www.aesthetic-cosmetic.com\/fernstudium\/farb-stil-und-imageberaterin.html\"><strong>Farb und Stil<\/strong><\/a>.<\/p>\n<p>Zur Ausbildung aber auch danach in der Praxis ist die Auswahl von farbtypgerechtem Make-up wie dem <a title=\"shireen Make-up\" href=\"http:\/\/www.aesthetic-cosmetic.com\/produkte\/shireen-professionelles-make-up\/shireen-professionelles-make-up.html\"><strong>shireen Make-up<\/strong><\/a> ein wesentlicher Punkt zum farblich richtigem Styling. Make-up von <a title=\"Make-up shireen\" href=\"http:\/\/www.aesthetic-cosmetic.com\/produkte\/shireen-professionelles-make-up\/shireen-professionelles-make-up.html\"><strong>shireen<\/strong><\/a> ist bei <a title=\"shireen\" href=\"http:\/\/www.aesthetic-cosmetic.com\/produkte\/shireen-professionelles-make-up\/shireen-professionelles-make-up.html\"><strong>aesthetic + cosmetic<\/strong><\/a> zu beziehen.<\/p>\n","protected":false},"excerpt":{"rendered":"<p>Der erste Eindruck eines Menschen, die Werbung, die Gestaltung der R\u00e4ume haben etwas gemeinsam: Sie h\u00e4ngen von der Farbwahrnehmung ab. Die Farbwahrnehmung ist gepr\u00e4gt von den unterschiedlichen Kulturen und von den dominanten Zeiterscheinungen bzw. der aktuellen Modeerscheinungen. Wer Kosmetikerin werden m\u00f6chte, wer Visagistin werden m\u00f6chte, aber auch wer Farb und Stilberaterin werden m\u00f6chte, muss sich [&hellip;]<\/p>\n","protected":false},"author":2,"featured_media":0,"comment_status":"open","ping_status":"open","sticky":false,"template":"","format":"standard","meta":{"footnotes":""},"categories":[42,64,59],"tags":[36,6,43,24,9,26,25,63,12,10],"class_list":["post-557","post","type-post","status-publish","format-standard","hentry","category-kosmetik","category-shireen","category-visagismus-make-up","tag-ausbildung-zur-kosmetikerin","tag-fernlehrgang-zur-kosmetikerin","tag-kosmetik-akademie","tag-kosmetikschule","tag-make-up-fachfrau","tag-make-up-artist","tag-maskenbildner","tag-shireen-make-up","tag-visagist","tag-visagistin"],"_links":{"self":[{"href":"https:\/\/www.aesthetic-cosmetic.com\/blog\/wp-json\/wp\/v2\/posts\/557","targetHints":{"allow":["GET"]}}],"collection":[{"href":"https:\/\/www.aesthetic-cosmetic.com\/blog\/wp-json\/wp\/v2\/posts"}],"about":[{"href":"https:\/\/www.aesthetic-cosmetic.com\/blog\/wp-json\/wp\/v2\/types\/post"}],"author":[{"embeddable":true,"href":"https:\/\/www.aesthetic-cosmetic.com\/blog\/wp-json\/wp\/v2\/users\/2"}],"replies":[{"embeddable":true,"href":"https:\/\/www.aesthetic-cosmetic.com\/blog\/wp-json\/wp\/v2\/comments?post=557"}],"version-history":[{"count":2,"href":"https:\/\/www.aesthetic-cosmetic.com\/blog\/wp-json\/wp\/v2\/posts\/557\/revisions"}],"predecessor-version":[{"id":559,"href":"https:\/\/www.aesthetic-cosmetic.com\/blog\/wp-json\/wp\/v2\/posts\/557\/revisions\/559"}],"wp:attachment":[{"href":"https:\/\/www.aesthetic-cosmetic.com\/blog\/wp-json\/wp\/v2\/media?parent=557"}],"wp:term":[{"taxonomy":"category","embeddable":true,"href":"https:\/\/www.aesthetic-cosmetic.com\/blog\/wp-json\/wp\/v2\/categories?post=557"},{"taxonomy":"post_tag","embeddable":true,"href":"https:\/\/www.aesthetic-cosmetic.com\/blog\/wp-json\/wp\/v2\/tags?post=557"}],"curies":[{"name":"wp","href":"https:\/\/api.w.org\/{rel}","templated":true}]}}