{"id":555,"date":"2013-11-04T19:06:50","date_gmt":"2013-11-04T17:06:50","guid":{"rendered":"http:\/\/www.aesthetic-cosmetic.com\/blog\/?p=555"},"modified":"2013-11-04T19:06:50","modified_gmt":"2013-11-04T17:06:50","slug":"fernlehrgang-kosmetikerin-und-wellness","status":"publish","type":"post","link":"https:\/\/www.aesthetic-cosmetic.com\/blog\/2013\/11\/fernlehrgang-kosmetikerin-und-wellness\/","title":{"rendered":"Fernlehrgang Kosmetikerin und Wellness"},"content":{"rendered":"<p>Alle unsere <a title=\"Fernlehrgang Kosmetikerin\" href=\"http:\/\/www.aesthetic-cosmetic.com\/fernstudium\/kosmetikerin.html\"><strong>Fernlehrg\u00e4nge Kosmetikerin<\/strong><\/a>, <strong>Kosmetikerberater\/in, Wellness + Beauty Fachfrau\/mann<\/strong>, <strong>Make-up Fachfrau\/mann<\/strong> &#8211; <strong>Visagist\/in<\/strong>, <strong>Ern\u00e4hrungs-Fachmann\/frau<\/strong> sind durch die Staatliche Zentralstelle f\u00fcr Fernunterricht, ZFU, zugelassen und werden in der Regel im Abstand von drei Jahren auf ihren Fortbestand \u00fcberpr\u00fcft.<\/p>\n<p>Dies garantiert, dass z.B. beim <a title=\"Fernlehrgang kosmetik\" href=\"http:\/\/www.aesthetic-cosmetic.com\/fernstudium\/kosmetikerin.html\"><strong>Fernlehrgang Kosmetikerin<\/strong><\/a><\/p>\n<ul>\n<li>das angestrebte Lehrgangziel erreicht werden kann<\/li>\n<li>das <a title=\"Fernlernen Kosmetik\" href=\"http:\/\/www.aesthetic-cosmetic.com\/fernstudium\/kosmetikerin.html\"><strong>Fernlernen Kosmetik<\/strong><\/a> didaktisch aufbereitet wurde<\/li>\n<li>die p\u00e4dagogische Betreuung und die Lernkontrolle beim <a title=\"Fernunterricht Kosmetik\" href=\"http:\/\/www.aesthetic-cosmetic.com\/fernstudium\/kosmetikerin.html\"><strong>Fernunterricht Kosmetik<\/strong><\/a> w\u00e4hrend der Teilnahme gesichert ist<\/li>\n<li>das <a title=\"Fernstudium Kosmetik\" href=\"http:\/\/www.aesthetic-cosmetic.com\/fernstudium\/kosmetikerin.html\"><strong>Fernstudium Kosmetik<\/strong><\/a> zum Zeitpunkt der Zulassung dem Stand der Fachwissenschaft entspricht<\/li>\n<li>der Bezug zur kosmetischen Praxis beachtet wird<\/li>\n<\/ul>\n<p>O.a. Forderungen erfolgen analog den Inhalten des Fernunterrichtsschutzgesetzes. Hier handelt es sich um ein Verbraucherschutzgesetz, die die Teilnehmer an unseren <a title=\"Fernlehrgang Kosmetik\" href=\"http:\/\/www.aesthetic-cosmetic.com\/fernstudium\/kosmetikerin.html\"><strong>Fernlehrg\u00e4ngen in Kosmetik<\/strong><\/a> und Wellness absichern. Als keine Angst: Ergreifen Sie die Chancen und melden Sie sich zum <a title=\"Fernlehrgang Kosmetikerin\" href=\"http:\/\/www.aesthetic-cosmetic.com\/fernstudium\/kosmetikerin.html\"><strong>Fernlehrgang Kosmetikerin<\/strong><\/a> oder zum <strong>Fernlernen in Wellness<\/strong>, <strong>Ern\u00e4hrung<\/strong>, <strong>Make-up<\/strong> etc. an.<\/p>\n","protected":false},"excerpt":{"rendered":"<p>Alle unsere Fernlehrg\u00e4nge Kosmetikerin, Kosmetikerberater\/in, Wellness + Beauty Fachfrau\/mann, Make-up Fachfrau\/mann &#8211; Visagist\/in, Ern\u00e4hrungs-Fachmann\/frau sind durch die Staatliche Zentralstelle f\u00fcr Fernunterricht, ZFU, zugelassen und werden in der Regel im Abstand von drei Jahren auf ihren Fortbestand \u00fcberpr\u00fcft. Dies garantiert, dass z.B. beim Fernlehrgang Kosmetikerin das angestrebte Lehrgangziel erreicht werden kann das Fernlernen Kosmetik didaktisch aufbereitet [&hellip;]<\/p>\n","protected":false},"author":2,"featured_media":0,"comment_status":"open","ping_status":"open","sticky":false,"template":"","format":"standard","meta":{"footnotes":""},"categories":[41,3,42,59,13],"tags":[36,40,5,11,4,17,73,43,24,9,8,18],"class_list":["post-555","post","type-post","status-publish","format-standard","hentry","category-ausbildung","category-fernunterricht","category-kosmetik","category-visagismus-make-up","category-wellness","tag-ausbildung-zur-kosmetikerin","tag-diplomkosmetikerin","tag-fernlehrgang","tag-fernlehrgange","tag-fernlernen","tag-fernschule","tag-fernunterricht","tag-kosmetik-akademie","tag-kosmetikschule","tag-make-up-fachfrau","tag-wellness-beauty-fachfrau","tag-wellness-und-beauty-fachfrau"],"_links":{"self":[{"href":"https:\/\/www.aesthetic-cosmetic.com\/blog\/wp-json\/wp\/v2\/posts\/555","targetHints":{"allow":["GET"]}}],"collection":[{"href":"https:\/\/www.aesthetic-cosmetic.com\/blog\/wp-json\/wp\/v2\/posts"}],"about":[{"href":"https:\/\/www.aesthetic-cosmetic.com\/blog\/wp-json\/wp\/v2\/types\/post"}],"author":[{"embeddable":true,"href":"https:\/\/www.aesthetic-cosmetic.com\/blog\/wp-json\/wp\/v2\/users\/2"}],"replies":[{"embeddable":true,"href":"https:\/\/www.aesthetic-cosmetic.com\/blog\/wp-json\/wp\/v2\/comments?post=555"}],"version-history":[{"count":1,"href":"https:\/\/www.aesthetic-cosmetic.com\/blog\/wp-json\/wp\/v2\/posts\/555\/revisions"}],"predecessor-version":[{"id":556,"href":"https:\/\/www.aesthetic-cosmetic.com\/blog\/wp-json\/wp\/v2\/posts\/555\/revisions\/556"}],"wp:attachment":[{"href":"https:\/\/www.aesthetic-cosmetic.com\/blog\/wp-json\/wp\/v2\/media?parent=555"}],"wp:term":[{"taxonomy":"category","embeddable":true,"href":"https:\/\/www.aesthetic-cosmetic.com\/blog\/wp-json\/wp\/v2\/categories?post=555"},{"taxonomy":"post_tag","embeddable":true,"href":"https:\/\/www.aesthetic-cosmetic.com\/blog\/wp-json\/wp\/v2\/tags?post=555"}],"curies":[{"name":"wp","href":"https:\/\/api.w.org\/{rel}","templated":true}]}}