{"id":512,"date":"2013-10-16T16:52:05","date_gmt":"2013-10-16T14:52:05","guid":{"rendered":"http:\/\/www.aesthetic-cosmetic.com\/blog\/?p=512"},"modified":"2013-10-16T16:52:05","modified_gmt":"2013-10-16T14:52:05","slug":"der-countdown-beginnt-jubilaum-der-kosmetikschule-und-des-kosmetikvertriebs","status":"publish","type":"post","link":"https:\/\/www.aesthetic-cosmetic.com\/blog\/2013\/10\/der-countdown-beginnt-jubilaum-der-kosmetikschule-und-des-kosmetikvertriebs\/","title":{"rendered":"Der Countdown beginnt &#8211; Jubil\u00e4um der Kosmetikschule und des Kosmetikvertriebs"},"content":{"rendered":"<p>Was haben der jamaikanische Reggae-Musiker Shaggy und die <a title=\"Kosmetikschule\" href=\"http:\/\/www.aesthetic-cosmetic.com\/fernstudium\/kosmetikerin.html\"><strong>Kosmetikschule<\/strong><\/a> und <strong><a title=\"Kosmetikvertrieb\" href=\"http:\/\/www.aesthetic-cosmetic.com\/produkte\/shireen-professionelles-make-up\/shireen-professionelles-make-up.html\">Kosmetikvertriebsfirma<\/a><\/strong> aesthetic + cosmetic gemeinsam?<\/p>\n<p>Sie feiern Ihren Geburtstag am Dienstag, den 22. Oktober 2013, <a title=\"aesthetic + cosmetic\" href=\"http:\/\/www.aesthetic-cosmetic.com\/\"><strong>aesthetic + cosmetic<\/strong><\/a> wird 27 Jahre alt, Shaggy ist &#8222;ein bisschen \u00e4lter&#8220;.<\/p>\n<p>Ob Shaggy diesen Anlass feiert und wie, dies ist uns nicht bekannt. Wir wissen aber, dass das Jubil\u00e4um unserer Kosmetikschule und unseres Kosmetikvertriebs am Dienstag Beachtung findet, indem alle eingeladen sind, virtuell unsere Webseiten <a title=\"\u00c4sthetik und Kosmetik\" href=\"http:\/\/www.aesthetic-cosmetic.com\/\"><strong>www.aesthetic-cosmetic.com<\/strong><\/a> oder <a title=\"Enthaarungsshop\" href=\"http:\/\/www.shop.depilation.de\/\"><strong>www.depilation.de<\/strong><\/a> zu besuchen, oder auch zwischen 14:00 Uhr und 20:00 Uhr pers\u00f6nlich bei uns vorbeizuschauen. Profitieren k\u00f6nnen alle, die an ausgesuchten, qualitativ hochstehenden, zum Teil auch &#8222;saug\u00fcnstigen&#8220; Angeboten in <a title=\"Schulung Kosmetik\" href=\"http:\/\/www.aesthetic-cosmetic.com\/fernstudium\/kosmetikerin.html\"><strong>kosmetischen Schulungen<\/strong><\/a> und auch <a title=\"Kosmetikprodukt\" href=\"http:\/\/www.aesthetic-cosmetic.com\/produkte\/shireen-professionelles-make-up\/shireen-professionelles-make-up.html\"><strong>Kosmetikprodukten<\/strong><\/a> interessiert sind.<\/p>\n<p>Liebe Freunde, es ist wahr<br \/>\n27 Jahre machten sie zum Star<br \/>\na + c hat so vieles aufgenommen<br \/>\nist aber immer noch nicht am Ziele angekommen &#8230;<\/p>\n<p>Begonnen mit der <a title=\"Ausbildung Kosmetikerin\" href=\"http:\/\/www.aesthetic-cosmetic.com\/fernstudium\/kosmetikerin.html\"><strong>Ausbildung zur Kosmetikerin<\/strong><\/a>, danach die Erweiterung zur <a title=\"Fachberaterin Kosmetik\" href=\"http:\/\/www.aesthetic-cosmetic.com\/fernstudium\/fachberaterin-fuer-kosmetik.html\"><strong>Kosmetikberaterin<\/strong><\/a>, <a title=\"Wellnesstrainer\" href=\"http:\/\/www.aesthetic-cosmetic.com\/fernstudium\/wellness-und-beauty-fachfrau.html\"><strong>Wellness + Beauty-Fachfrau<\/strong><\/a>, <strong><a title=\"Fachwirt Wellness\" href=\"http:\/\/www.aesthetic-cosmetic.com\/fernstudium\/fachwirtin-fuer-wellness-beauty-ihk.html\">Fachwirt f\u00fcr Wellness + Beauty IHK<\/a><\/strong>, <a title=\"Make-up lernen\" href=\"http:\/\/www.aesthetic-cosmetic.com\/fernstudium\/make-up-fachfraumann-visagistin.html\"><strong>Make-up Fachfrau<\/strong><\/a>, <a title=\"Fabberatung lernen\" href=\"http:\/\/www.aesthetic-cosmetic.com\/fernstudium\/farb-stil-und-imageberaterin.html\"><strong>Farb und Stilberaterin<\/strong><\/a> und <a title=\"Ern\u00e4hrungsberater lernen\" href=\"http:\/\/www.aesthetic-cosmetic.com\/fernstudium\/ernaehrungs-fachfraumann-food-coach.html\"><strong>Ern\u00e4hrungsfachfrau<\/strong><\/a>.<\/p>\n<p>Begonnen mit den <a title=\"Biosmos Kosmetikprodukte\" href=\"http:\/\/www.aesthetic-cosmetic.com\/biosmos-hautpflegeprodukte\/biosmos-verkaufsprodukte.html\"><strong>Kosmetikprodukten<\/strong><\/a> von <a title=\"Kosmetikprodukte Biosmos\" href=\"http:\/\/www.aesthetic-cosmetic.com\/biosmos-hautpflegeprodukte\/biosmos-verkaufsprodukte.html\"><strong>Biosmos<\/strong><\/a>, weitergef\u00fchrt mit den <a title=\"Enthaarungsprodukte\" href=\"http:\/\/www.shop.depilation.de\/\"><strong>Enthaarungsprodukten<\/strong><\/a> von <a title=\"Enthaarung shop\" href=\"http:\/\/www.shop.depilation.de\/\"><strong>Holiday depilatori<\/strong><\/a> im <a title=\"Depilation shop\" href=\"http:\/\/www.shop.depilation.de\/\"><strong>Depilationsshop<\/strong><\/a> und der professionellen <a title=\"shireen\" href=\"http:\/\/www.aesthetic-cosmetic.com\/produkte\/shireen-professionelles-make-up\/shireen-professionelles-make-up.html\"><strong>Make-up Linie<\/strong><\/a> <a title=\"shireen make-up\" href=\"http:\/\/www.aesthetic-cosmetic.com\/produkte\/shireen-professionelles-make-up\/shireen-professionelles-make-up.html\"><strong>shireen<\/strong><\/a>.<\/p>\n<p>Damit sind wir noch nicht am Ziel angekommen: Wir haben so unsere Tr\u00e4ume, W\u00fcnsche und Pl\u00e4ne f\u00fcr die Zukunft, egal wie alt man ist und an welchem Punkt seines Lebens man steht.<\/p>\n","protected":false},"excerpt":{"rendered":"<p>Was haben der jamaikanische Reggae-Musiker Shaggy und die Kosmetikschule und Kosmetikvertriebsfirma aesthetic + cosmetic gemeinsam? Sie feiern Ihren Geburtstag am Dienstag, den 22. Oktober 2013, aesthetic + cosmetic wird 27 Jahre alt, Shaggy ist &#8222;ein bisschen \u00e4lter&#8220;. Ob Shaggy diesen Anlass feiert und wie, dies ist uns nicht bekannt. Wir wissen aber, dass das Jubil\u00e4um [&hellip;]<\/p>\n","protected":false},"author":2,"featured_media":0,"comment_status":"open","ping_status":"open","sticky":false,"template":"","format":"standard","meta":{"footnotes":""},"categories":[1,41,53,42,27,64,13],"tags":[36,20,23,47,48,6,43,24,9,8,18],"class_list":["post-512","post","type-post","status-publish","format-standard","hentry","category-allgemein","category-ausbildung","category-depilation-haarentfernung","category-kosmetik","category-kurseseminare","category-shireen","category-wellness","tag-ausbildung-zur-kosmetikerin","tag-dauerhafte-haarentfernung","tag-depilation","tag-ernahrungs-fachfraumann","tag-ernahrungsberaterin","tag-fernlehrgang-zur-kosmetikerin","tag-kosmetik-akademie","tag-kosmetikschule","tag-make-up-fachfrau","tag-wellness-beauty-fachfrau","tag-wellness-und-beauty-fachfrau"],"_links":{"self":[{"href":"https:\/\/www.aesthetic-cosmetic.com\/blog\/wp-json\/wp\/v2\/posts\/512","targetHints":{"allow":["GET"]}}],"collection":[{"href":"https:\/\/www.aesthetic-cosmetic.com\/blog\/wp-json\/wp\/v2\/posts"}],"about":[{"href":"https:\/\/www.aesthetic-cosmetic.com\/blog\/wp-json\/wp\/v2\/types\/post"}],"author":[{"embeddable":true,"href":"https:\/\/www.aesthetic-cosmetic.com\/blog\/wp-json\/wp\/v2\/users\/2"}],"replies":[{"embeddable":true,"href":"https:\/\/www.aesthetic-cosmetic.com\/blog\/wp-json\/wp\/v2\/comments?post=512"}],"version-history":[{"count":2,"href":"https:\/\/www.aesthetic-cosmetic.com\/blog\/wp-json\/wp\/v2\/posts\/512\/revisions"}],"predecessor-version":[{"id":514,"href":"https:\/\/www.aesthetic-cosmetic.com\/blog\/wp-json\/wp\/v2\/posts\/512\/revisions\/514"}],"wp:attachment":[{"href":"https:\/\/www.aesthetic-cosmetic.com\/blog\/wp-json\/wp\/v2\/media?parent=512"}],"wp:term":[{"taxonomy":"category","embeddable":true,"href":"https:\/\/www.aesthetic-cosmetic.com\/blog\/wp-json\/wp\/v2\/categories?post=512"},{"taxonomy":"post_tag","embeddable":true,"href":"https:\/\/www.aesthetic-cosmetic.com\/blog\/wp-json\/wp\/v2\/tags?post=512"}],"curies":[{"name":"wp","href":"https:\/\/api.w.org\/{rel}","templated":true}]}}