{"id":509,"date":"2013-10-11T14:01:30","date_gmt":"2013-10-11T12:01:30","guid":{"rendered":"http:\/\/www.aesthetic-cosmetic.com\/blog\/?p=509"},"modified":"2013-10-11T14:01:30","modified_gmt":"2013-10-11T12:01:30","slug":"verlangerung-der-forderphase-der-bildungspramie-fur-unsere-fernlehrgange","status":"publish","type":"post","link":"https:\/\/www.aesthetic-cosmetic.com\/blog\/2013\/10\/verlangerung-der-forderphase-der-bildungspramie-fur-unsere-fernlehrgange\/","title":{"rendered":"Verl\u00e4ngerung der F\u00f6rderphase der Bildungspr\u00e4mie f\u00fcr unsere Fernlehrg\u00e4nge"},"content":{"rendered":"<p>Oktober 2013 gab das Bundesministerium f\u00fcr Bildung und Forschung, dass die jetzt laufende F\u00f6rderphase des Prgramms Bildungspr\u00e4mie bis 30. Juni 2014 verl\u00e4ngert wird. Pr\u00e4miengutscheine k\u00f6nnen somit bis zum 30. Juni 2015 abgerechnet werden. Somit k\u00f6nnen auch l\u00e4ngere Weiterbildungen noch abgerechnet werden.<\/p>\n<p>Dies trifft auch zu f\u00fcr unsere <a title=\"Ausbildung Kosmetik\" href=\"http:\/\/www.aesthetic-cosmetic.com\/\"><strong>Weiterbildungma\u00dfnahmen<\/strong><\/a> im <a title=\"Weiterbildung Sch\u00f6nheit wellness\" href=\"http:\/\/www.aesthetic-cosmetic.com\/\"><strong>Sch\u00f6nheits- und Wellnessbereich<\/strong><\/a>, also den <a title=\"Fernunterricht kosmetik\" href=\"http:\/\/www.aesthetic-cosmetic.com\/fernstudium\/fernunterrichte-learning.html\"><strong>Fernunterricht<\/strong><\/a> bzw. <a title=\"e-Learning Sch\u00f6nheit wellness\" href=\"http:\/\/www.aesthetic-cosmetic.com\/fernstudium\/fernunterrichte-learning.html\"><strong>e-Learning<\/strong><\/a> zur <a title=\"Kosmetikerin werden\" href=\"http:\/\/www.aesthetic-cosmetic.com\/fernstudium\/kosmetikerin.html\"><strong>Kosmetikerin<\/strong><\/a>, <a title=\"Wellnessberater\" href=\"http:\/\/www.aesthetic-cosmetic.com\/fernstudium\/wellness-und-beauty-fachfrau.html\"><strong>Wellness + Beauty Fachfrau<\/strong><\/a>, <a title=\"Make-up lernen\" href=\"http:\/\/www.aesthetic-cosmetic.com\/fernstudium\/make-up-fachfraumann-visagistin.html\"><strong>Make-up Fachfrau<\/strong><\/a>\/<a title=\"Visagist werden\" href=\"http:\/\/www.aesthetic-cosmetic.com\/fernstudium\/make-up-fachfraumann-visagistin.html\"><strong>Visagistin<\/strong><\/a>, <a title=\"Farb und Stil lernen\" href=\"http:\/\/www.aesthetic-cosmetic.com\/fernstudium\/farb-stil-und-imageberaterin.html\"><strong>Farb und Stilberaterin<\/strong><\/a> und <a title=\"Ern\u00e4hrungsfachfrau werden\" href=\"http:\/\/www.aesthetic-cosmetic.com\/fernstudium\/ernaehrungs-fachfraumann-food-coach.html\">Ern\u00e4hrungsfachfrau<\/a> und auch das Seminar in <a title=\"med. Fu\u00dfpflege lernen\" href=\"http:\/\/www.aesthetic-cosmetic.com\/kurse-seminare\/fusspflege-und-erweiterungen\/fusspflege.html\"><strong>med. Fu\u00dfpflege<\/strong><\/a>. Wer sich in den Bereichen <a title=\"Ausbildung Kosmetik\" href=\"http:\/\/www.aesthetic-cosmetic.com\/fernstudium\/kosmetikerin.html\"><strong>Kosmetik<\/strong><\/a>, <a title=\"Kosmetikausbildung\" href=\"http:\/\/www.aesthetic-cosmetic.com\/fernstudium\/kosmetikerin.html\"><strong>Beauty<\/strong><\/a>,\u00a0 <a title=\"Wellnestrainer werden\" href=\"http:\/\/www.aesthetic-cosmetic.com\/fernstudium\/wellness-und-beauty-fachfrau.html\"><strong>Wellness<\/strong><\/a>, <strong><a title=\"Make-up Schule\" href=\"http:\/\/www.aesthetic-cosmetic.com\/fernstudium\/make-up-fachfraumann-visagistin.html\">Make-up<\/a><\/strong>, <a title=\"Visagismuns lernen\" href=\"http:\/\/www.aesthetic-cosmetic.com\/fernstudium\/make-up-fachfraumann-visagistin.html\"><strong>Visagismus<\/strong><\/a>, <strong><a title=\"Farb und Stilberaterin\" href=\"http:\/\/www.aesthetic-cosmetic.com\/fernstudium\/farb-stil-und-imageberaterin.html\">Farb- und Stil<\/a><\/strong>, <a title=\"Ern\u00e4hrungsberatung lernen\" href=\"http:\/\/www.aesthetic-cosmetic.com\/fernstudium\/ernaehrungs-fachfraumann-food-coach.html\"><strong>Ern\u00e4hrungsberatung<\/strong><\/a> und <a title=\"Fu\u00dfpflege lernen\" href=\"http:\/\/www.aesthetic-cosmetic.com\/kurse-seminare\/fusspflege-und-erweiterungen\/fusspflege.html\"><strong>Fu\u00dfpflege <\/strong><\/a>weiterbilden m\u00f6chte, kann den Pr\u00e4miengutschein auch jetzt noch beantragen.<\/p>\n<p>Durch die Verl\u00e4ngerung werden die Voraussetzungen f\u00fcr einen m\u00f6glichst reibungslosen \u00dcbergang in die geplante 3. F\u00f6rderphase des Programms im Rahmen der neuen ESF-F\u00f6derperidoe geschaffen, die sich unmittelbar anschlie\u00dfen soll.<\/p>\n<p>Nutzen Sie Ihre Chancen! Noch nie war <a title=\"Beauty Wellness\" href=\"http:\/\/www.aesthetic-cosmetic.com\/\"><strong>Weiterbildung<\/strong><\/a> so interessant, aber auch g\u00fcnstig! Unsere <a title=\"Kosmetikschule\" href=\"http:\/\/www.aesthetic-cosmetic.com\/fernstudium\/kosmetikerin.html\"><strong>Kosmetikschule<\/strong><\/a> und <a title=\"Wellnessschule\" href=\"http:\/\/www.aesthetic-cosmetic.com\/fernstudium\/wellness-und-beauty-fachfrau.html\"><strong>Wellnessschule<\/strong><\/a> informiert Sie gern, wenn Sie sich im Bereich der <a title=\"Kosmetikschule\" href=\"http:\/\/www.aesthetic-cosmetic.com\/fernstudium\/kosmetikerin.html\"><strong>Kosmetik<\/strong><\/a>, <a title=\"Kosmetikerin lernen\" href=\"http:\/\/www.aesthetic-cosmetic.com\/fernstudium\/kosmetikerin.html\"><strong>Kosmetikerin<\/strong><\/a>, <a title=\"Ausbildung Wellness\" href=\"http:\/\/www.aesthetic-cosmetic.com\/fernstudium\/wellness-und-beauty-fachfrau.html\"><strong>Wellness<\/strong><\/a>, <a title=\"Wellnessberater lernen\" href=\"http:\/\/www.aesthetic-cosmetic.com\/fernstudium\/wellness-und-beauty-fachfrau.html\"><strong>Wellnessberater<\/strong><\/a>, <a title=\"Wellnesstrainer lernen\" href=\"http:\/\/www.aesthetic-cosmetic.com\/fernstudium\/wellness-und-beauty-fachfrau.html\"><strong>Wellnesstrainer<\/strong><\/a>, <strong><a title=\"Make-up Schule\" href=\"http:\/\/www.aesthetic-cosmetic.com\/fernstudium\/make-up-fachfraumann-visagistin.html\">Make-up<\/a><\/strong> und <a title=\"Visagistik lernen\" href=\"http:\/\/www.aesthetic-cosmetic.com\/fernstudium\/make-up-fachfraumann-visagistin.html\"><strong>Visagistik<\/strong><\/a>, <a title=\"Farb und Stilberaterin lernen\" href=\"http:\/\/www.aesthetic-cosmetic.com\/fernstudium\/farb-stil-und-imageberaterin.html\"><strong>Farb und Stil<\/strong><\/a>, <a title=\"Ern\u00e4hrung lernen\" href=\"http:\/\/www.aesthetic-cosmetic.com\/fernstudium\/ernaehrungs-fachfraumann-food-coach.html\"><strong>Ern\u00e4hrung<\/strong><\/a>, <a title=\"Ern\u00e4hrungsberatung Ausbildung\" href=\"http:\/\/www.aesthetic-cosmetic.com\/fernstudium\/ernaehrungs-fachfraumann-food-coach.html\"><strong>Ern\u00e4hrungsberatung<\/strong><\/a> und <a title=\"Ern\u00e4hrungsfachfrau\" href=\"http:\/\/www.aesthetic-cosmetic.com\/fernstudium\/ernaehrungs-fachfraumann-food-coach.html\"><strong>Ern\u00e4hrungs-Fachfrau<\/strong><\/a>, als auch in <a title=\"Fu\u00dfpfleger werden\" href=\"http:\/\/www.aesthetic-cosmetic.com\/kurse-seminare\/fusspflege-und-erweiterungen\/fusspflege.html\"><strong>Fu\u00dfpflege<\/strong><\/a> weiterbilden m\u00f6chten.<\/p>\n<p>Aktuelle Informationen finden Sie auf unserer Webseite <a title=\"Ausbildung Kosmetik\" href=\"http:\/\/www.aesthetic-cosmetic.com\/\"><strong>www.aesthetic-cosmetic.com<\/strong><\/a> und auch auf <a title=\"Bildungspr\u00e4mie\" href=\"http:\/\/www.bildungspraemie.info\/\"><strong>www.bildungspr\u00e4mie.info<\/strong><\/a>.<\/p>\n","protected":false},"excerpt":{"rendered":"<p>Oktober 2013 gab das Bundesministerium f\u00fcr Bildung und Forschung, dass die jetzt laufende F\u00f6rderphase des Prgramms Bildungspr\u00e4mie bis 30. Juni 2014 verl\u00e4ngert wird. Pr\u00e4miengutscheine k\u00f6nnen somit bis zum 30. Juni 2015 abgerechnet werden. Somit k\u00f6nnen auch l\u00e4ngere Weiterbildungen noch abgerechnet werden. Dies trifft auch zu f\u00fcr unsere Weiterbildungma\u00dfnahmen im Sch\u00f6nheits- und Wellnessbereich, also den Fernunterricht [&hellip;]<\/p>\n","protected":false},"author":2,"featured_media":0,"comment_status":"open","ping_status":"open","sticky":false,"template":"","format":"standard","meta":{"footnotes":""},"categories":[1,41,57,3,61,42,59,13],"tags":[36,40,47,48,45,6,11,4,17,73,33,32,31,43,24,9,26,28,30,29,8,18],"class_list":["post-509","post","type-post","status-publish","format-standard","hentry","category-allgemein","category-ausbildung","category-ernahrungs-fachfrau","category-fernunterricht","category-fuspflege","category-kosmetik","category-visagismus-make-up","category-wellness","tag-ausbildung-zur-kosmetikerin","tag-diplomkosmetikerin","tag-ernahrungs-fachfraumann","tag-ernahrungsberaterin","tag-farb-und-stilberaterin","tag-fernlehrgang-zur-kosmetikerin","tag-fernlehrgange","tag-fernlernen","tag-fernschule","tag-fernunterricht","tag-fuspfleger","tag-fuspflegerinnen","tag-fuspflegeschule","tag-kosmetik-akademie","tag-kosmetikschule","tag-make-up-fachfrau","tag-make-up-artist","tag-medizinische-fuspflege","tag-podologe","tag-podologin","tag-wellness-beauty-fachfrau","tag-wellness-und-beauty-fachfrau"],"_links":{"self":[{"href":"https:\/\/www.aesthetic-cosmetic.com\/blog\/wp-json\/wp\/v2\/posts\/509","targetHints":{"allow":["GET"]}}],"collection":[{"href":"https:\/\/www.aesthetic-cosmetic.com\/blog\/wp-json\/wp\/v2\/posts"}],"about":[{"href":"https:\/\/www.aesthetic-cosmetic.com\/blog\/wp-json\/wp\/v2\/types\/post"}],"author":[{"embeddable":true,"href":"https:\/\/www.aesthetic-cosmetic.com\/blog\/wp-json\/wp\/v2\/users\/2"}],"replies":[{"embeddable":true,"href":"https:\/\/www.aesthetic-cosmetic.com\/blog\/wp-json\/wp\/v2\/comments?post=509"}],"version-history":[{"count":2,"href":"https:\/\/www.aesthetic-cosmetic.com\/blog\/wp-json\/wp\/v2\/posts\/509\/revisions"}],"predecessor-version":[{"id":511,"href":"https:\/\/www.aesthetic-cosmetic.com\/blog\/wp-json\/wp\/v2\/posts\/509\/revisions\/511"}],"wp:attachment":[{"href":"https:\/\/www.aesthetic-cosmetic.com\/blog\/wp-json\/wp\/v2\/media?parent=509"}],"wp:term":[{"taxonomy":"category","embeddable":true,"href":"https:\/\/www.aesthetic-cosmetic.com\/blog\/wp-json\/wp\/v2\/categories?post=509"},{"taxonomy":"post_tag","embeddable":true,"href":"https:\/\/www.aesthetic-cosmetic.com\/blog\/wp-json\/wp\/v2\/tags?post=509"}],"curies":[{"name":"wp","href":"https:\/\/api.w.org\/{rel}","templated":true}]}}