{"id":253,"date":"2012-04-23T09:44:37","date_gmt":"2012-04-23T07:44:37","guid":{"rendered":"http:\/\/www.aesthetic-cosmetic.com\/blog\/?p=253"},"modified":"2012-04-23T09:44:37","modified_gmt":"2012-04-23T07:44:37","slug":"weiterbildung-fur-die-kosmetikerin-und-die-absolventen-von-kosmetikschulen","status":"publish","type":"post","link":"https:\/\/www.aesthetic-cosmetic.com\/blog\/2012\/04\/weiterbildung-fur-die-kosmetikerin-und-die-absolventen-von-kosmetikschulen\/","title":{"rendered":"Weiterbildung f\u00fcr die Kosmetikerin und die Absolventen von Kosmetikschulen"},"content":{"rendered":"<p>Haben Sie Ihren Abschluss zur Kosmetikerin an der <a title=\"Kosmetikschule in Freiburg\" href=\"http:\/\/www.aesthetic-cosmetic.com\/fernstudium\/kosmetikerin.html\" target=\"_blank\">Kosmetikschule<\/a> erfolgreich erzielt und einige Zeit als Kosmetikerin praktiziert?<\/p>\n<p>Wer nicht stehenbleiben will und die Leiter zum Erfolg sucht, hier einen kleinen \u00dcberblick \u00fcber die Chancen f\u00fcr die Absolventin mit und ohne Praxiserfahrung:<\/p>\n<p>Direkt nach der Kosmetikschule ist es von Vorteil, f\u00fcr eine gewisse Zeit die T\u00e4tigkeit der Kosmetikerin praktisch durchzuf\u00fchren, es k\u00f6nnen aber auch Schulungen als Wellness + Beauty Fachfrau, Wellnessberaterin, Make-up Fachfrau bzw. Visagistin, Farb- und Stilberaterin, Ern\u00e4hrungs-Fachfrau bzw. Food Coach, Ern\u00e4hrungsberaterin oder in medizinischer Fu\u00dfpflege belegt werden. Diese Weiterbildungen k\u00f6nnen ohne Weiteres direkt im Anschluss an den Abschluss zur Kosmetikerin an der <a title=\"Kosmetikschule Baden-W\u00fcrttemberg\" href=\"http:\/\/www.aesthetic-cosmetic.com\/fernstudium\/kosmetikerin.html\" target=\"_blank\">Kosmetikschule<\/a> durchgef\u00fchrt werden. H\u00e4ufig muss nicht einmal die Schule gewechselt werden, denn einige <a title=\"Kosmetikschule f\u00fcr Weiterbildungen\" href=\"http:\/\/www.aesthetic-cosmetic.com\/fernstudium\/kosmetikerin.html\" target=\"_blank\">Kosmetikschulen<\/a> bieten diese Formen der Weiterbildung im eigenen Unterricht an.<\/p>\n<p>Wer nach dem Abschluss an der Kosmetikschule ausreichend Praxis sammelt, auch dem stehen die T\u00fcren zur Weiterbildung offen. Fachseminare zu neuen Themen oder o.a. Weiterbildungsma\u00dfnahmen vertiefen die Kenntnisse und Fertigkeiten im T\u00e4tigkeitsfeld der Kosmetikerin. Auch Aufstiege in das Marketing, Management und die Mitarbeiterf\u00fchrung von gr\u00f6\u00dferen Betrieben kann durch die Kosmetikschule unterrichtet werden. Solche <a title=\"aesthetic-cosmetic Kosmetikschule\" href=\"http:\/\/www.aesthetic-cosmetic.com\/fernstudium\/kosmetikerin.html\" target=\"_blank\">Kosmetikschulen<\/a> sind nur in kleiner Anzahl zu finden. Es ist wichtig darauf zu achten, dass Abschl\u00fcsse in solchen Weiterbildungen staatlich anerkannt sind. Dazu geh\u00f6rt die Kosmetikschule aesthetic + cosmetic, die gemeinsam mit der IHK Hochrhein-Bodensee die Weiterbildungsma\u00dfnahme zum anerkannten Abschluss \u201eFachwirt\/in f\u00fcr Wellness und Beauty\u201c bzw. \u201eProfessional Bachelor of Wellness and Beauty\u201c durchf\u00fchrt.<\/p>\n<p>&nbsp;<\/p>\n","protected":false},"excerpt":{"rendered":"<p>Haben Sie Ihren Abschluss zur Kosmetikerin an der Kosmetikschule erfolgreich erzielt und einige Zeit als Kosmetikerin praktiziert? Wer nicht stehenbleiben will und die Leiter zum Erfolg sucht, hier einen kleinen \u00dcberblick \u00fcber die Chancen f\u00fcr die Absolventin mit und ohne Praxiserfahrung: Direkt nach der Kosmetikschule ist es von Vorteil, f\u00fcr eine gewisse Zeit die T\u00e4tigkeit [&hellip;]<\/p>\n","protected":false},"author":1,"featured_media":0,"comment_status":"open","ping_status":"open","sticky":false,"template":"","format":"standard","meta":{"footnotes":""},"categories":[41,3,42],"tags":[36,74,24],"class_list":["post-253","post","type-post","status-publish","format-standard","hentry","category-ausbildung","category-fernunterricht","category-kosmetik","tag-ausbildung-zur-kosmetikerin","tag-kosmetikerin","tag-kosmetikschule"],"_links":{"self":[{"href":"https:\/\/www.aesthetic-cosmetic.com\/blog\/wp-json\/wp\/v2\/posts\/253","targetHints":{"allow":["GET"]}}],"collection":[{"href":"https:\/\/www.aesthetic-cosmetic.com\/blog\/wp-json\/wp\/v2\/posts"}],"about":[{"href":"https:\/\/www.aesthetic-cosmetic.com\/blog\/wp-json\/wp\/v2\/types\/post"}],"author":[{"embeddable":true,"href":"https:\/\/www.aesthetic-cosmetic.com\/blog\/wp-json\/wp\/v2\/users\/1"}],"replies":[{"embeddable":true,"href":"https:\/\/www.aesthetic-cosmetic.com\/blog\/wp-json\/wp\/v2\/comments?post=253"}],"version-history":[{"count":4,"href":"https:\/\/www.aesthetic-cosmetic.com\/blog\/wp-json\/wp\/v2\/posts\/253\/revisions"}],"predecessor-version":[{"id":257,"href":"https:\/\/www.aesthetic-cosmetic.com\/blog\/wp-json\/wp\/v2\/posts\/253\/revisions\/257"}],"wp:attachment":[{"href":"https:\/\/www.aesthetic-cosmetic.com\/blog\/wp-json\/wp\/v2\/media?parent=253"}],"wp:term":[{"taxonomy":"category","embeddable":true,"href":"https:\/\/www.aesthetic-cosmetic.com\/blog\/wp-json\/wp\/v2\/categories?post=253"},{"taxonomy":"post_tag","embeddable":true,"href":"https:\/\/www.aesthetic-cosmetic.com\/blog\/wp-json\/wp\/v2\/tags?post=253"}],"curies":[{"name":"wp","href":"https:\/\/api.w.org\/{rel}","templated":true}]}}