{"id":2326,"date":"2021-03-30T09:57:17","date_gmt":"2021-03-30T07:57:17","guid":{"rendered":"http:\/\/www.aesthetic-cosmetic.com\/blog\/?p=2326"},"modified":"2021-03-30T09:57:17","modified_gmt":"2021-03-30T07:57:17","slug":"naturkosmetiker-innen","status":"publish","type":"post","link":"https:\/\/www.aesthetic-cosmetic.com\/blog\/2021\/03\/naturkosmetiker-innen\/","title":{"rendered":"Naturkosmetiker\/innen"},"content":{"rendered":"\n<p>\n\nWir haben f\u00fcr unsere Naturkosmetikerinnen &amp; Kosmetikerinnen was ganz besonderes.<br>Die Physio Natura Bio Vegan Linie ist jetzt erh\u00e4ltlich! &#x1f973;<\/p>\n\n\n\n<p>Bei Interesse f\u00fcr Proben und ausf\u00fchrliche Informationen einfach anrufen unter 07668\/995120.<\/p>\n\n\n\n<p><a href=\"https:\/\/www.instagram.com\/explore\/tags\/bio\/\">#bio<\/a><a href=\"https:\/\/www.instagram.com\/explore\/tags\/vegan\/\">#vegan<\/a><a href=\"https:\/\/www.instagram.com\/explore\/tags\/product\/\">#product<\/a><\/p>\n\n\n\n<figure class=\"wp-block-image size-large\"><img loading=\"lazy\" decoding=\"async\" width=\"1024\" height=\"1024\" src=\"https:\/\/www.aesthetic-cosmetic.com\/blog\/wp-content\/uploads\/2021\/03\/Werbung-02.11.2020-1024x1024.jpg\" alt=\"\" class=\"wp-image-2327\" srcset=\"https:\/\/www.aesthetic-cosmetic.com\/blog\/wp-content\/uploads\/2021\/03\/Werbung-02.11.2020-1024x1024.jpg 1024w, https:\/\/www.aesthetic-cosmetic.com\/blog\/wp-content\/uploads\/2021\/03\/Werbung-02.11.2020-300x300.jpg 300w, https:\/\/www.aesthetic-cosmetic.com\/blog\/wp-content\/uploads\/2021\/03\/Werbung-02.11.2020-150x150.jpg 150w, https:\/\/www.aesthetic-cosmetic.com\/blog\/wp-content\/uploads\/2021\/03\/Werbung-02.11.2020-768x768.jpg 768w, https:\/\/www.aesthetic-cosmetic.com\/blog\/wp-content\/uploads\/2021\/03\/Werbung-02.11.2020.jpg 1080w\" sizes=\"auto, (max-width: 1024px) 100vw, 1024px\" \/><\/figure>\n","protected":false},"excerpt":{"rendered":"<p>Wir haben f\u00fcr unsere Naturkosmetikerinnen &amp; Kosmetikerinnen was ganz besonderes.Die Physio Natura Bio Vegan Linie ist jetzt erh\u00e4ltlich! &#x1f973; Bei Interesse f\u00fcr Proben und ausf\u00fchrliche Informationen einfach anrufen unter 07668\/995120. #bio#vegan#product<\/p>\n","protected":false},"author":1,"featured_media":0,"comment_status":"open","ping_status":"open","sticky":false,"template":"","format":"standard","meta":{"footnotes":""},"categories":[1,54,41,3,42,7,69,111,112],"tags":[94,115,114],"class_list":["post-2326","post","type-post","status-publish","format-standard","hentry","category-allgemein","category-apothekenkosmetik","category-ausbildung","category-fernunterricht","category-kosmetik","category-kosmetikerin","category-kosmetische-pflegeprodukte","category-naturkosmetik","category-naturkosmetiker","tag-natur","tag-naturkosmetik","tag-naturkosmetikerin"],"_links":{"self":[{"href":"https:\/\/www.aesthetic-cosmetic.com\/blog\/wp-json\/wp\/v2\/posts\/2326","targetHints":{"allow":["GET"]}}],"collection":[{"href":"https:\/\/www.aesthetic-cosmetic.com\/blog\/wp-json\/wp\/v2\/posts"}],"about":[{"href":"https:\/\/www.aesthetic-cosmetic.com\/blog\/wp-json\/wp\/v2\/types\/post"}],"author":[{"embeddable":true,"href":"https:\/\/www.aesthetic-cosmetic.com\/blog\/wp-json\/wp\/v2\/users\/1"}],"replies":[{"embeddable":true,"href":"https:\/\/www.aesthetic-cosmetic.com\/blog\/wp-json\/wp\/v2\/comments?post=2326"}],"version-history":[{"count":1,"href":"https:\/\/www.aesthetic-cosmetic.com\/blog\/wp-json\/wp\/v2\/posts\/2326\/revisions"}],"predecessor-version":[{"id":2328,"href":"https:\/\/www.aesthetic-cosmetic.com\/blog\/wp-json\/wp\/v2\/posts\/2326\/revisions\/2328"}],"wp:attachment":[{"href":"https:\/\/www.aesthetic-cosmetic.com\/blog\/wp-json\/wp\/v2\/media?parent=2326"}],"wp:term":[{"taxonomy":"category","embeddable":true,"href":"https:\/\/www.aesthetic-cosmetic.com\/blog\/wp-json\/wp\/v2\/categories?post=2326"},{"taxonomy":"post_tag","embeddable":true,"href":"https:\/\/www.aesthetic-cosmetic.com\/blog\/wp-json\/wp\/v2\/tags?post=2326"}],"curies":[{"name":"wp","href":"https:\/\/api.w.org\/{rel}","templated":true}]}}