{"id":2283,"date":"2020-09-18T11:56:36","date_gmt":"2020-09-18T09:56:36","guid":{"rendered":"http:\/\/www.aesthetic-cosmetic.com\/blog\/?p=2283"},"modified":"2020-09-18T11:56:36","modified_gmt":"2020-09-18T09:56:36","slug":"fusspflege-woche","status":"publish","type":"post","link":"https:\/\/www.aesthetic-cosmetic.com\/blog\/2020\/09\/fusspflege-woche\/","title":{"rendered":"Fu\u00dfpflege Woche"},"content":{"rendered":"\n<p>Die Fu\u00dfpflege Woche neigt sich dem Ende zu und unsere Sch\u00fcler m\u00fcssen nur noch gepr\u00fcft werden. <\/p>\n\n\n\n<figure class=\"wp-block-image size-large\"><img loading=\"lazy\" decoding=\"async\" width=\"1024\" height=\"1024\" src=\"https:\/\/www.aesthetic-cosmetic.com\/blog\/wp-content\/uploads\/2020\/09\/Werbung-18.09.2020-1024x1024.jpg\" alt=\"\" class=\"wp-image-2284\" srcset=\"https:\/\/www.aesthetic-cosmetic.com\/blog\/wp-content\/uploads\/2020\/09\/Werbung-18.09.2020-1024x1024.jpg 1024w, https:\/\/www.aesthetic-cosmetic.com\/blog\/wp-content\/uploads\/2020\/09\/Werbung-18.09.2020-300x300.jpg 300w, https:\/\/www.aesthetic-cosmetic.com\/blog\/wp-content\/uploads\/2020\/09\/Werbung-18.09.2020-150x150.jpg 150w, https:\/\/www.aesthetic-cosmetic.com\/blog\/wp-content\/uploads\/2020\/09\/Werbung-18.09.2020-768x768.jpg 768w, https:\/\/www.aesthetic-cosmetic.com\/blog\/wp-content\/uploads\/2020\/09\/Werbung-18.09.2020.jpg 1080w\" sizes=\"auto, (max-width: 1024px) 100vw, 1024px\" \/><\/figure>\n","protected":false},"excerpt":{"rendered":"<p>Die Fu\u00dfpflege Woche neigt sich dem Ende zu und unsere Sch\u00fcler m\u00fcssen nur noch gepr\u00fcft werden.<\/p>\n","protected":false},"author":1,"featured_media":0,"comment_status":"open","ping_status":"open","sticky":false,"template":"","format":"standard","meta":{"footnotes":""},"categories":[1,61,27],"tags":[33,32,31,28],"class_list":["post-2283","post","type-post","status-publish","format-standard","hentry","category-allgemein","category-fuspflege","category-kurseseminare","tag-fuspfleger","tag-fuspflegerinnen","tag-fuspflegeschule","tag-medizinische-fuspflege"],"_links":{"self":[{"href":"https:\/\/www.aesthetic-cosmetic.com\/blog\/wp-json\/wp\/v2\/posts\/2283","targetHints":{"allow":["GET"]}}],"collection":[{"href":"https:\/\/www.aesthetic-cosmetic.com\/blog\/wp-json\/wp\/v2\/posts"}],"about":[{"href":"https:\/\/www.aesthetic-cosmetic.com\/blog\/wp-json\/wp\/v2\/types\/post"}],"author":[{"embeddable":true,"href":"https:\/\/www.aesthetic-cosmetic.com\/blog\/wp-json\/wp\/v2\/users\/1"}],"replies":[{"embeddable":true,"href":"https:\/\/www.aesthetic-cosmetic.com\/blog\/wp-json\/wp\/v2\/comments?post=2283"}],"version-history":[{"count":1,"href":"https:\/\/www.aesthetic-cosmetic.com\/blog\/wp-json\/wp\/v2\/posts\/2283\/revisions"}],"predecessor-version":[{"id":2285,"href":"https:\/\/www.aesthetic-cosmetic.com\/blog\/wp-json\/wp\/v2\/posts\/2283\/revisions\/2285"}],"wp:attachment":[{"href":"https:\/\/www.aesthetic-cosmetic.com\/blog\/wp-json\/wp\/v2\/media?parent=2283"}],"wp:term":[{"taxonomy":"category","embeddable":true,"href":"https:\/\/www.aesthetic-cosmetic.com\/blog\/wp-json\/wp\/v2\/categories?post=2283"},{"taxonomy":"post_tag","embeddable":true,"href":"https:\/\/www.aesthetic-cosmetic.com\/blog\/wp-json\/wp\/v2\/tags?post=2283"}],"curies":[{"name":"wp","href":"https:\/\/api.w.org\/{rel}","templated":true}]}}