{"id":2274,"date":"2020-09-17T12:05:32","date_gmt":"2020-09-17T10:05:32","guid":{"rendered":"http:\/\/www.aesthetic-cosmetic.com\/blog\/?p=2274"},"modified":"2020-09-17T12:05:32","modified_gmt":"2020-09-17T10:05:32","slug":"fusspflege-seminar-woche","status":"publish","type":"post","link":"https:\/\/www.aesthetic-cosmetic.com\/blog\/2020\/09\/fusspflege-seminar-woche\/","title":{"rendered":"Fu\u00dfpflege Seminar Woche"},"content":{"rendered":"\n<figure class=\"wp-block-image size-large\"><img loading=\"lazy\" decoding=\"async\" width=\"1024\" height=\"1024\" src=\"https:\/\/www.aesthetic-cosmetic.com\/blog\/wp-content\/uploads\/2020\/09\/Werbung-15.09.2020-1024x1024.jpg\" alt=\"\" class=\"wp-image-2276\" srcset=\"https:\/\/www.aesthetic-cosmetic.com\/blog\/wp-content\/uploads\/2020\/09\/Werbung-15.09.2020-1024x1024.jpg 1024w, https:\/\/www.aesthetic-cosmetic.com\/blog\/wp-content\/uploads\/2020\/09\/Werbung-15.09.2020-300x300.jpg 300w, https:\/\/www.aesthetic-cosmetic.com\/blog\/wp-content\/uploads\/2020\/09\/Werbung-15.09.2020-150x150.jpg 150w, https:\/\/www.aesthetic-cosmetic.com\/blog\/wp-content\/uploads\/2020\/09\/Werbung-15.09.2020-768x768.jpg 768w, https:\/\/www.aesthetic-cosmetic.com\/blog\/wp-content\/uploads\/2020\/09\/Werbung-15.09.2020.jpg 1080w\" sizes=\"auto, (max-width: 1024px) 100vw, 1024px\" \/><\/figure>\n\n\n\n<p>\n\nUnser Fu\u00dfpflege Seminar hat diese Woche angefangen und unsere Sch\u00fcler sind flei\u00dfig am \u00fcben. <\/p>\n\n\n\n<figure class=\"wp-block-image\"><img decoding=\"async\" src=\"https:\/\/static.xx.fbcdn.net\/images\/emoji.php\/v9\/t60\/1\/16\/1f9b6_1f3fb.png\" alt=\"&#x1f9b6;&#x1f3fb;\"\/><\/figure>\n\n\n\n<figure class=\"wp-block-image\"><img decoding=\"async\" src=\"https:\/\/static.xx.fbcdn.net\/images\/emoji.php\/v9\/t60\/1\/16\/1f9b6_1f3fb.png\" alt=\"&#x1f9b6;&#x1f3fb;\"\/><\/figure>\n\n\n\n<p><a href=\"https:\/\/www.facebook.com\/hashtag\/fu%C3%9Fpflege?__eep__=6&amp;__cft__[0]=AZWFJGMp7_Ave8-18IJGy0WTMYSGJfIsRziK7xK5NTcnnB8MvEo5cLLou9isW6XoxrwtwkoZDkehiZ5xp7b_drdUSfQeAII2NXCR1opANqwP9Ym_oQesl-Gt4-fAYgjEyTEvnG9AIonaseXnNHEGCWsrb5f7MaKXAtr0Ab324V9gzk_J1tj7G2mVdmmKvMYr_7w&amp;__tn__=*NK-R\">#fu\u00dfpflege<\/a><\/p>\n","protected":false},"excerpt":{"rendered":"<p>Unser Fu\u00dfpflege Seminar hat diese Woche angefangen und unsere Sch\u00fcler sind flei\u00dfig am \u00fcben. #fu\u00dfpflege<\/p>\n","protected":false},"author":1,"featured_media":0,"comment_status":"open","ping_status":"open","sticky":false,"template":"","format":"standard","meta":{"footnotes":""},"categories":[1,41,3,61,27],"tags":[33,32,31,28],"class_list":["post-2274","post","type-post","status-publish","format-standard","hentry","category-allgemein","category-ausbildung","category-fernunterricht","category-fuspflege","category-kurseseminare","tag-fuspfleger","tag-fuspflegerinnen","tag-fuspflegeschule","tag-medizinische-fuspflege"],"_links":{"self":[{"href":"https:\/\/www.aesthetic-cosmetic.com\/blog\/wp-json\/wp\/v2\/posts\/2274","targetHints":{"allow":["GET"]}}],"collection":[{"href":"https:\/\/www.aesthetic-cosmetic.com\/blog\/wp-json\/wp\/v2\/posts"}],"about":[{"href":"https:\/\/www.aesthetic-cosmetic.com\/blog\/wp-json\/wp\/v2\/types\/post"}],"author":[{"embeddable":true,"href":"https:\/\/www.aesthetic-cosmetic.com\/blog\/wp-json\/wp\/v2\/users\/1"}],"replies":[{"embeddable":true,"href":"https:\/\/www.aesthetic-cosmetic.com\/blog\/wp-json\/wp\/v2\/comments?post=2274"}],"version-history":[{"count":1,"href":"https:\/\/www.aesthetic-cosmetic.com\/blog\/wp-json\/wp\/v2\/posts\/2274\/revisions"}],"predecessor-version":[{"id":2277,"href":"https:\/\/www.aesthetic-cosmetic.com\/blog\/wp-json\/wp\/v2\/posts\/2274\/revisions\/2277"}],"wp:attachment":[{"href":"https:\/\/www.aesthetic-cosmetic.com\/blog\/wp-json\/wp\/v2\/media?parent=2274"}],"wp:term":[{"taxonomy":"category","embeddable":true,"href":"https:\/\/www.aesthetic-cosmetic.com\/blog\/wp-json\/wp\/v2\/categories?post=2274"},{"taxonomy":"post_tag","embeddable":true,"href":"https:\/\/www.aesthetic-cosmetic.com\/blog\/wp-json\/wp\/v2\/tags?post=2274"}],"curies":[{"name":"wp","href":"https:\/\/api.w.org\/{rel}","templated":true}]}}