{"id":2256,"date":"2020-09-10T12:57:43","date_gmt":"2020-09-10T10:57:43","guid":{"rendered":"http:\/\/www.aesthetic-cosmetic.com\/blog\/?p=2256"},"modified":"2020-09-10T13:41:27","modified_gmt":"2020-09-10T11:41:27","slug":"fuer-unsere-naturkosmetiker-innen-kosmetiker-innen-nur-das-beste","status":"publish","type":"post","link":"https:\/\/www.aesthetic-cosmetic.com\/blog\/2020\/09\/fuer-unsere-naturkosmetiker-innen-kosmetiker-innen-nur-das-beste\/","title":{"rendered":"F\u00fcr unsere Naturkosmetiker\/innen, Kosmetiker\/innen nur das Beste !"},"content":{"rendered":"\n<p><\/p>\n\n\n\n<p><\/p>\n\n\n\n<p> Wir haben f\u00fcr unsere Naturkosmetikerinnen &amp; Kosmetikerinnen was ganz besonderes.Die Physio Natura Bio Vegan Linie ist jetzt erh\u00e4ltlich!  &nbsp;&#x1f60d;&nbsp; <\/p>\n\n\n\n<p>Bei Interesse f\u00fcr Proben und ausf\u00fchrliche Informationen einfach anrufen unter 07668\/995120.<\/p>\n\n\n\n<p><a href=\"https:\/\/www.facebook.com\/hashtag\/bioproducts?__eep__=6&amp;__cft__[0]=AZVD1uiT8r31uvS2Z7p5mCprndCrmMAdZrsRCr6002iQwGhaaoz3H_QO7S_wDik-lj1ZNTfXyH_VrJtOWsCy1X-B5MluQq05noOoe2ohJAQpEnEVaLexcZsU9plRgaA6yqwk8PrYfgcgNILoXXpY05BD5LzCeHUFlo0rHWwSxhPzLNJWDOOd9Ol-CRlykzMBh3A&amp;__tn__=*NK-R\">#bioproducts<\/a><\/p>\n\n\n\n<p><\/p>\n\n\n\n<figure class=\"wp-block-image size-large\"><img loading=\"lazy\" decoding=\"async\" width=\"1024\" height=\"1024\" src=\"https:\/\/www.aesthetic-cosmetic.com\/blog\/wp-content\/uploads\/2020\/09\/Werbung-12.06.2020-1024x1024.jpg\" alt=\"\" class=\"wp-image-2257\" srcset=\"https:\/\/www.aesthetic-cosmetic.com\/blog\/wp-content\/uploads\/2020\/09\/Werbung-12.06.2020-1024x1024.jpg 1024w, https:\/\/www.aesthetic-cosmetic.com\/blog\/wp-content\/uploads\/2020\/09\/Werbung-12.06.2020-300x300.jpg 300w, https:\/\/www.aesthetic-cosmetic.com\/blog\/wp-content\/uploads\/2020\/09\/Werbung-12.06.2020-150x150.jpg 150w, https:\/\/www.aesthetic-cosmetic.com\/blog\/wp-content\/uploads\/2020\/09\/Werbung-12.06.2020-768x768.jpg 768w, https:\/\/www.aesthetic-cosmetic.com\/blog\/wp-content\/uploads\/2020\/09\/Werbung-12.06.2020.jpg 1080w\" sizes=\"auto, (max-width: 1024px) 100vw, 1024px\" \/><\/figure>\n\n\n\n<figure class=\"wp-block-image size-large\"><img loading=\"lazy\" decoding=\"async\" width=\"1024\" height=\"1024\" src=\"https:\/\/www.aesthetic-cosmetic.com\/blog\/wp-content\/uploads\/2020\/09\/Werbung-17.06.2020-1024x1024.jpg\" alt=\"\" class=\"wp-image-2258\" srcset=\"https:\/\/www.aesthetic-cosmetic.com\/blog\/wp-content\/uploads\/2020\/09\/Werbung-17.06.2020-1024x1024.jpg 1024w, https:\/\/www.aesthetic-cosmetic.com\/blog\/wp-content\/uploads\/2020\/09\/Werbung-17.06.2020-300x300.jpg 300w, https:\/\/www.aesthetic-cosmetic.com\/blog\/wp-content\/uploads\/2020\/09\/Werbung-17.06.2020-150x150.jpg 150w, https:\/\/www.aesthetic-cosmetic.com\/blog\/wp-content\/uploads\/2020\/09\/Werbung-17.06.2020-768x768.jpg 768w, https:\/\/www.aesthetic-cosmetic.com\/blog\/wp-content\/uploads\/2020\/09\/Werbung-17.06.2020.jpg 1080w\" sizes=\"auto, (max-width: 1024px) 100vw, 1024px\" \/><\/figure>\n","protected":false},"excerpt":{"rendered":"<p>Wir haben f\u00fcr unsere Naturkosmetikerinnen &amp; Kosmetikerinnen was ganz besonderes.Die Physio Natura Bio Vegan Linie ist jetzt erh\u00e4ltlich! &nbsp;&#x1f60d;&nbsp; Bei Interesse f\u00fcr Proben und ausf\u00fchrliche Informationen einfach anrufen unter 07668\/995120. #bioproducts<\/p>\n","protected":false},"author":1,"featured_media":0,"comment_status":"open","ping_status":"open","sticky":false,"template":"","format":"standard","meta":{"footnotes":""},"categories":[1,54,42,7,69,111,112,113],"tags":[126,74,24,94,115,114,98],"class_list":["post-2256","post","type-post","status-publish","format-standard","hentry","category-allgemein","category-apothekenkosmetik","category-kosmetik","category-kosmetikerin","category-kosmetische-pflegeprodukte","category-naturkosmetik","category-naturkosmetiker","category-naturkosmetikerin","tag-kosmetik","tag-kosmetikerin","tag-kosmetikschule","tag-natur","tag-naturkosmetik","tag-naturkosmetikerin","tag-physionatura"],"_links":{"self":[{"href":"https:\/\/www.aesthetic-cosmetic.com\/blog\/wp-json\/wp\/v2\/posts\/2256","targetHints":{"allow":["GET"]}}],"collection":[{"href":"https:\/\/www.aesthetic-cosmetic.com\/blog\/wp-json\/wp\/v2\/posts"}],"about":[{"href":"https:\/\/www.aesthetic-cosmetic.com\/blog\/wp-json\/wp\/v2\/types\/post"}],"author":[{"embeddable":true,"href":"https:\/\/www.aesthetic-cosmetic.com\/blog\/wp-json\/wp\/v2\/users\/1"}],"replies":[{"embeddable":true,"href":"https:\/\/www.aesthetic-cosmetic.com\/blog\/wp-json\/wp\/v2\/comments?post=2256"}],"version-history":[{"count":3,"href":"https:\/\/www.aesthetic-cosmetic.com\/blog\/wp-json\/wp\/v2\/posts\/2256\/revisions"}],"predecessor-version":[{"id":2261,"href":"https:\/\/www.aesthetic-cosmetic.com\/blog\/wp-json\/wp\/v2\/posts\/2256\/revisions\/2261"}],"wp:attachment":[{"href":"https:\/\/www.aesthetic-cosmetic.com\/blog\/wp-json\/wp\/v2\/media?parent=2256"}],"wp:term":[{"taxonomy":"category","embeddable":true,"href":"https:\/\/www.aesthetic-cosmetic.com\/blog\/wp-json\/wp\/v2\/categories?post=2256"},{"taxonomy":"post_tag","embeddable":true,"href":"https:\/\/www.aesthetic-cosmetic.com\/blog\/wp-json\/wp\/v2\/tags?post=2256"}],"curies":[{"name":"wp","href":"https:\/\/api.w.org\/{rel}","templated":true}]}}