{"id":2207,"date":"2020-07-28T10:43:48","date_gmt":"2020-07-28T08:43:48","guid":{"rendered":"http:\/\/www.aesthetic-cosmetic.com\/blog\/?p=2207"},"modified":"2020-07-28T10:43:48","modified_gmt":"2020-07-28T08:43:48","slug":"sugaring-seminar-3","status":"publish","type":"post","link":"https:\/\/www.aesthetic-cosmetic.com\/blog\/2020\/07\/sugaring-seminar-3\/","title":{"rendered":"Sugaring Seminar"},"content":{"rendered":"\n<p>\n\nUnser Sugaring Seminar am 09.08.2020 ist ausgebucht !<\/p>\n\n\n\n<p>Das n\u00e4chste Sugaring Seminar ist am 20.09.2020, melden sie sich schnell an. &#x1f973;<br>Pl\u00e4tze sind nur in begrenzter Zahl verf\u00fcgbar.<\/p>\n\n\n\n<p><a href=\"https:\/\/www.instagram.com\/explore\/tags\/sugaring\/\">#sugaring<\/a><a href=\"https:\/\/www.instagram.com\/explore\/tags\/sugaringseminar\/\">#sugaringseminar<\/a><\/p>\n\n\n\n<figure class=\"wp-block-image size-large\"><img loading=\"lazy\" decoding=\"async\" width=\"1024\" height=\"1024\" src=\"https:\/\/www.aesthetic-cosmetic.com\/blog\/wp-content\/uploads\/2020\/07\/Werbung-28.07.2020-1024x1024.jpg\" alt=\"\" class=\"wp-image-2208\" srcset=\"https:\/\/www.aesthetic-cosmetic.com\/blog\/wp-content\/uploads\/2020\/07\/Werbung-28.07.2020-1024x1024.jpg 1024w, https:\/\/www.aesthetic-cosmetic.com\/blog\/wp-content\/uploads\/2020\/07\/Werbung-28.07.2020-300x300.jpg 300w, https:\/\/www.aesthetic-cosmetic.com\/blog\/wp-content\/uploads\/2020\/07\/Werbung-28.07.2020-150x150.jpg 150w, https:\/\/www.aesthetic-cosmetic.com\/blog\/wp-content\/uploads\/2020\/07\/Werbung-28.07.2020-768x768.jpg 768w, https:\/\/www.aesthetic-cosmetic.com\/blog\/wp-content\/uploads\/2020\/07\/Werbung-28.07.2020.jpg 1080w\" sizes=\"auto, (max-width: 1024px) 100vw, 1024px\" \/><\/figure>\n","protected":false},"excerpt":{"rendered":"<p>Unser Sugaring Seminar am 09.08.2020 ist ausgebucht ! Das n\u00e4chste Sugaring Seminar ist am 20.09.2020, melden sie sich schnell an. &#x1f973;Pl\u00e4tze sind nur in begrenzter Zahl verf\u00fcgbar. #sugaring#sugaringseminar<\/p>\n","protected":false},"author":1,"featured_media":0,"comment_status":"open","ping_status":"open","sticky":false,"template":"","format":"standard","meta":{"footnotes":""},"categories":[1,41,72,53,27],"tags":[20,23,110,35,51,43],"class_list":["post-2207","post","type-post","status-publish","format-standard","hentry","category-allgemein","category-ausbildung","category-depiladora","category-depilation-haarentfernung","category-kurseseminare","tag-dauerhafte-haarentfernung","tag-depilation","tag-depilation-de","tag-haarentfernungswachs","tag-intim-enthaarung","tag-kosmetik-akademie"],"_links":{"self":[{"href":"https:\/\/www.aesthetic-cosmetic.com\/blog\/wp-json\/wp\/v2\/posts\/2207","targetHints":{"allow":["GET"]}}],"collection":[{"href":"https:\/\/www.aesthetic-cosmetic.com\/blog\/wp-json\/wp\/v2\/posts"}],"about":[{"href":"https:\/\/www.aesthetic-cosmetic.com\/blog\/wp-json\/wp\/v2\/types\/post"}],"author":[{"embeddable":true,"href":"https:\/\/www.aesthetic-cosmetic.com\/blog\/wp-json\/wp\/v2\/users\/1"}],"replies":[{"embeddable":true,"href":"https:\/\/www.aesthetic-cosmetic.com\/blog\/wp-json\/wp\/v2\/comments?post=2207"}],"version-history":[{"count":1,"href":"https:\/\/www.aesthetic-cosmetic.com\/blog\/wp-json\/wp\/v2\/posts\/2207\/revisions"}],"predecessor-version":[{"id":2209,"href":"https:\/\/www.aesthetic-cosmetic.com\/blog\/wp-json\/wp\/v2\/posts\/2207\/revisions\/2209"}],"wp:attachment":[{"href":"https:\/\/www.aesthetic-cosmetic.com\/blog\/wp-json\/wp\/v2\/media?parent=2207"}],"wp:term":[{"taxonomy":"category","embeddable":true,"href":"https:\/\/www.aesthetic-cosmetic.com\/blog\/wp-json\/wp\/v2\/categories?post=2207"},{"taxonomy":"post_tag","embeddable":true,"href":"https:\/\/www.aesthetic-cosmetic.com\/blog\/wp-json\/wp\/v2\/tags?post=2207"}],"curies":[{"name":"wp","href":"https:\/\/api.w.org\/{rel}","templated":true}]}}