{"id":2177,"date":"2020-06-30T13:28:06","date_gmt":"2020-06-30T11:28:06","guid":{"rendered":"http:\/\/www.aesthetic-cosmetic.com\/blog\/?p=2177"},"modified":"2020-06-30T13:28:06","modified_gmt":"2020-06-30T11:28:06","slug":"neu-und-groesser","status":"publish","type":"post","link":"https:\/\/www.aesthetic-cosmetic.com\/blog\/2020\/06\/neu-und-groesser\/","title":{"rendered":"Neu und Gr\u00f6\u00dfer !"},"content":{"rendered":"\n<figure class=\"wp-block-image size-large\"><img loading=\"lazy\" decoding=\"async\" width=\"1024\" height=\"1024\" src=\"https:\/\/www.aesthetic-cosmetic.com\/blog\/wp-content\/uploads\/2020\/06\/Werbung-30.06.2020-1024x1024.jpg\" alt=\"\" class=\"wp-image-2178\" srcset=\"https:\/\/www.aesthetic-cosmetic.com\/blog\/wp-content\/uploads\/2020\/06\/Werbung-30.06.2020-1024x1024.jpg 1024w, https:\/\/www.aesthetic-cosmetic.com\/blog\/wp-content\/uploads\/2020\/06\/Werbung-30.06.2020-300x300.jpg 300w, https:\/\/www.aesthetic-cosmetic.com\/blog\/wp-content\/uploads\/2020\/06\/Werbung-30.06.2020-150x150.jpg 150w, https:\/\/www.aesthetic-cosmetic.com\/blog\/wp-content\/uploads\/2020\/06\/Werbung-30.06.2020-768x768.jpg 768w, https:\/\/www.aesthetic-cosmetic.com\/blog\/wp-content\/uploads\/2020\/06\/Werbung-30.06.2020.jpg 1080w\" sizes=\"auto, (max-width: 1024px) 100vw, 1024px\" \/><\/figure>\n\n\n\n<p>\n\nEbenfalls Neu ist unser Aloe Vera Wachs in der gro\u00dfen Gr\u00f6\u00dfe (800 ml) <\/p>\n\n\n\n<figure class=\"wp-block-image\"><img decoding=\"async\" src=\"https:\/\/static.xx.fbcdn.net\/images\/emoji.php\/v9\/t2\/1\/16\/1f60d.png\" alt=\"&#x1f60d;\"\/><\/figure>\n\n\n\n<p>Erh\u00e4ltlich auf  <a rel=\"noreferrer noopener\" href=\"https:\/\/l.facebook.com\/l.php?u=http%3A%2F%2Fwww.depilation.de%2F%3Ffbclid%3DIwAR1j4zdSzu79YxNSq8AZManokieeXzgXwXvzAlYiAiVyY3fR9lMrfCADEJk&amp;h=AT1rh0XIkllHhTEmdfzKTyy0xFSGIJdBbiat1y3JoRzaGNBfclaGIiAnKUE5s3JOdQ_ByXBeeK_9UU2SY0-WnWTevH-zmn3Whc04s9mLH8KWmwfoPFNNnDoGi9SI6aB_3A&amp;__tn__=-UK-R&amp;c[0]=AT3334_DRUKte4tCZ2d3lQeWwwv1w7123q36rHuymJqrQghcgaalLCZrDF4c_n3llWT3Up14SoJkyHkRVF1UXVJaPO5jv__McZrZibd5DAdjZvLTjc__rLSg2IZ1cw8BA4GNhO40vWmkHGlCR1sEdVIqYNQ3QbWIOZd-lo6CVXsr0BLs4yHnikt6PZL-k6DFTQ\" target=\"_blank\">www.depilation.de<\/a><\/p>\n\n\n\n<p><a href=\"https:\/\/www.facebook.com\/hashtag\/wax?__eep__=6&amp;__cft__[0]=AZXhJgVxeB8TFnE5lGs9KEOU3DnVM1NlEMGV4AcjypQssVNy8jfAuiiMT4lOPTMQyDQOu6L7IQBGyRlodZ4-VGW08ujeUTJdm5QiIe9Ll-g5iucSS9JimxUDFJbUZm-RwmL8OpgZiNR7YqDoeBjcfIopGqJ5lyHM7oMteGIN2CIA4w&amp;__tn__=*NK-R\">#wax<\/a><a href=\"https:\/\/www.facebook.com\/hashtag\/waxing?__eep__=6&amp;__cft__[0]=AZXhJgVxeB8TFnE5lGs9KEOU3DnVM1NlEMGV4AcjypQssVNy8jfAuiiMT4lOPTMQyDQOu6L7IQBGyRlodZ4-VGW08ujeUTJdm5QiIe9Ll-g5iucSS9JimxUDFJbUZm-RwmL8OpgZiNR7YqDoeBjcfIopGqJ5lyHM7oMteGIN2CIA4w&amp;__tn__=*NK-R\">#waxing<\/a><\/p>\n","protected":false},"excerpt":{"rendered":"<p>Ebenfalls Neu ist unser Aloe Vera Wachs in der gro\u00dfen Gr\u00f6\u00dfe (800 ml) Erh\u00e4ltlich auf www.depilation.de #wax#waxing<\/p>\n","protected":false},"author":1,"featured_media":0,"comment_status":"open","ping_status":"open","sticky":false,"template":"","format":"standard","meta":{"footnotes":""},"categories":[1,72,53],"tags":[20,23,35,106],"class_list":["post-2177","post","type-post","status-publish","format-standard","hentry","category-allgemein","category-depiladora","category-depilation-haarentfernung","tag-dauerhafte-haarentfernung","tag-depilation","tag-haarentfernungswachs","tag-haarlos"],"_links":{"self":[{"href":"https:\/\/www.aesthetic-cosmetic.com\/blog\/wp-json\/wp\/v2\/posts\/2177","targetHints":{"allow":["GET"]}}],"collection":[{"href":"https:\/\/www.aesthetic-cosmetic.com\/blog\/wp-json\/wp\/v2\/posts"}],"about":[{"href":"https:\/\/www.aesthetic-cosmetic.com\/blog\/wp-json\/wp\/v2\/types\/post"}],"author":[{"embeddable":true,"href":"https:\/\/www.aesthetic-cosmetic.com\/blog\/wp-json\/wp\/v2\/users\/1"}],"replies":[{"embeddable":true,"href":"https:\/\/www.aesthetic-cosmetic.com\/blog\/wp-json\/wp\/v2\/comments?post=2177"}],"version-history":[{"count":1,"href":"https:\/\/www.aesthetic-cosmetic.com\/blog\/wp-json\/wp\/v2\/posts\/2177\/revisions"}],"predecessor-version":[{"id":2179,"href":"https:\/\/www.aesthetic-cosmetic.com\/blog\/wp-json\/wp\/v2\/posts\/2177\/revisions\/2179"}],"wp:attachment":[{"href":"https:\/\/www.aesthetic-cosmetic.com\/blog\/wp-json\/wp\/v2\/media?parent=2177"}],"wp:term":[{"taxonomy":"category","embeddable":true,"href":"https:\/\/www.aesthetic-cosmetic.com\/blog\/wp-json\/wp\/v2\/categories?post=2177"},{"taxonomy":"post_tag","embeddable":true,"href":"https:\/\/www.aesthetic-cosmetic.com\/blog\/wp-json\/wp\/v2\/tags?post=2177"}],"curies":[{"name":"wp","href":"https:\/\/api.w.org\/{rel}","templated":true}]}}