{"id":2158,"date":"2020-06-18T15:14:53","date_gmt":"2020-06-18T13:14:53","guid":{"rendered":"http:\/\/www.aesthetic-cosmetic.com\/blog\/?p=2158"},"modified":"2020-06-18T15:14:53","modified_gmt":"2020-06-18T13:14:53","slug":"indian-head-massage","status":"publish","type":"post","link":"https:\/\/www.aesthetic-cosmetic.com\/blog\/2020\/06\/indian-head-massage\/","title":{"rendered":"Indian Head Massage"},"content":{"rendered":"\n<p>\n\nDie Indian Head Massage <\/p>\n\n\n\n<figure class=\"wp-block-image\"><img decoding=\"async\" src=\"https:\/\/static.xx.fbcdn.net\/images\/emoji.php\/v9\/t74\/1\/16\/1f486_1f3fc_200d_2640.png\" alt=\"&#x1f486;&#x1f3fc;&#x200d;&#x2640;&#xfe0f;\"\/><\/figure>\n\n\n\n<p> entstammt der ayurvedischen Lehre vor \u00fcber 4000 Jahren, um die Anzeichen des Alterns zu verz\u00f6gern und auch den Haarwuchs anzuregen. F\u00fcr unser Seminar am 04.\/05. Juli 2020 sind noch Pl\u00e4tze frei. <\/p>\n\n\n\n<p>Link f\u00fcr die Anmeldung: <a href=\"https:\/\/bit.ly\/30QEkNX\">https:\/\/bit.ly\/30QEkNX<\/a><\/p>\n\n\n\n<p> <a href=\"https:\/\/www.facebook.com\/hashtag\/wellness?__eep__=6&amp;__cft__[0]=AZXEw22CE8oWEMSPKpxwpy6wznIw-LrTb3RsL_YPoowTB7Bq1rhU9dxZWlgOm08OV_lhxpRLcLu2raZhprvxbpyP-gLrVa14ZoQ7_GLIgFRjKMnG3zBgfQDz_arixUeBr5ENq1PrhRDJ04s0NE1SHBrQ3VOru3XNCuLwbmBIDZCoUA&amp;__tn__=*NK-R\">#wellness<\/a><a href=\"https:\/\/www.facebook.com\/hashtag\/indianheadmassage?__eep__=6&amp;__cft__[0]=AZXEw22CE8oWEMSPKpxwpy6wznIw-LrTb3RsL_YPoowTB7Bq1rhU9dxZWlgOm08OV_lhxpRLcLu2raZhprvxbpyP-gLrVa14ZoQ7_GLIgFRjKMnG3zBgfQDz_arixUeBr5ENq1PrhRDJ04s0NE1SHBrQ3VOru3XNCuLwbmBIDZCoUA&amp;__tn__=*NK-R\">#indianheadmassage<\/a><\/p>\n\n\n\n<figure class=\"wp-block-image size-large\"><img loading=\"lazy\" decoding=\"async\" width=\"1024\" height=\"1024\" src=\"https:\/\/www.aesthetic-cosmetic.com\/blog\/wp-content\/uploads\/2020\/06\/Werbung-18.06.2020-2-1024x1024.jpg\" alt=\"\" class=\"wp-image-2159\" srcset=\"https:\/\/www.aesthetic-cosmetic.com\/blog\/wp-content\/uploads\/2020\/06\/Werbung-18.06.2020-2-1024x1024.jpg 1024w, https:\/\/www.aesthetic-cosmetic.com\/blog\/wp-content\/uploads\/2020\/06\/Werbung-18.06.2020-2-300x300.jpg 300w, https:\/\/www.aesthetic-cosmetic.com\/blog\/wp-content\/uploads\/2020\/06\/Werbung-18.06.2020-2-150x150.jpg 150w, https:\/\/www.aesthetic-cosmetic.com\/blog\/wp-content\/uploads\/2020\/06\/Werbung-18.06.2020-2-768x768.jpg 768w, https:\/\/www.aesthetic-cosmetic.com\/blog\/wp-content\/uploads\/2020\/06\/Werbung-18.06.2020-2.jpg 1080w\" sizes=\"auto, (max-width: 1024px) 100vw, 1024px\" \/><\/figure>\n","protected":false},"excerpt":{"rendered":"<p>Die Indian Head Massage entstammt der ayurvedischen Lehre vor \u00fcber 4000 Jahren, um die Anzeichen des Alterns zu verz\u00f6gern und auch den Haarwuchs anzuregen. F\u00fcr unser Seminar am 04.\/05. Juli 2020 sind noch Pl\u00e4tze frei. Link f\u00fcr die Anmeldung: https:\/\/bit.ly\/30QEkNX #wellness#indianheadmassage<\/p>\n","protected":false},"author":1,"featured_media":0,"comment_status":"open","ping_status":"open","sticky":false,"template":"","format":"standard","meta":{"footnotes":""},"categories":[1,41,27,13],"tags":[100,99,101,80,68],"class_list":["post-2158","post","type-post","status-publish","format-standard","hentry","category-allgemein","category-ausbildung","category-kurseseminare","category-wellness","tag-head","tag-indian","tag-massage","tag-seminar","tag-wellness-lernen"],"_links":{"self":[{"href":"https:\/\/www.aesthetic-cosmetic.com\/blog\/wp-json\/wp\/v2\/posts\/2158","targetHints":{"allow":["GET"]}}],"collection":[{"href":"https:\/\/www.aesthetic-cosmetic.com\/blog\/wp-json\/wp\/v2\/posts"}],"about":[{"href":"https:\/\/www.aesthetic-cosmetic.com\/blog\/wp-json\/wp\/v2\/types\/post"}],"author":[{"embeddable":true,"href":"https:\/\/www.aesthetic-cosmetic.com\/blog\/wp-json\/wp\/v2\/users\/1"}],"replies":[{"embeddable":true,"href":"https:\/\/www.aesthetic-cosmetic.com\/blog\/wp-json\/wp\/v2\/comments?post=2158"}],"version-history":[{"count":1,"href":"https:\/\/www.aesthetic-cosmetic.com\/blog\/wp-json\/wp\/v2\/posts\/2158\/revisions"}],"predecessor-version":[{"id":2160,"href":"https:\/\/www.aesthetic-cosmetic.com\/blog\/wp-json\/wp\/v2\/posts\/2158\/revisions\/2160"}],"wp:attachment":[{"href":"https:\/\/www.aesthetic-cosmetic.com\/blog\/wp-json\/wp\/v2\/media?parent=2158"}],"wp:term":[{"taxonomy":"category","embeddable":true,"href":"https:\/\/www.aesthetic-cosmetic.com\/blog\/wp-json\/wp\/v2\/categories?post=2158"},{"taxonomy":"post_tag","embeddable":true,"href":"https:\/\/www.aesthetic-cosmetic.com\/blog\/wp-json\/wp\/v2\/tags?post=2158"}],"curies":[{"name":"wp","href":"https:\/\/api.w.org\/{rel}","templated":true}]}}