{"id":2063,"date":"2020-02-19T11:05:49","date_gmt":"2020-02-19T09:05:49","guid":{"rendered":"http:\/\/www.aesthetic-cosmetic.com\/blog\/?p=2063"},"modified":"2020-02-19T11:07:18","modified_gmt":"2020-02-19T09:07:18","slug":"einfuehrung-in-die-welt-des-make-ups-%f0%9f%92%84%f0%9f%92%84","status":"publish","type":"post","link":"https:\/\/www.aesthetic-cosmetic.com\/blog\/2020\/02\/einfuehrung-in-die-welt-des-make-ups-%f0%9f%92%84%f0%9f%92%84\/","title":{"rendered":"EINF\u00dcHRUNG IN DIE WELT DES MAKE-UPS  &#x1f484;&#x1f484;"},"content":{"rendered":"\n<figure class=\"wp-block-image size-large\"><img loading=\"lazy\" decoding=\"async\" width=\"883\" height=\"1024\" src=\"https:\/\/www.aesthetic-cosmetic.com\/blog\/wp-content\/uploads\/2020\/02\/20180415_151814Reduziert-883x1024.jpg\" alt=\"\" class=\"wp-image-2064\" srcset=\"https:\/\/www.aesthetic-cosmetic.com\/blog\/wp-content\/uploads\/2020\/02\/20180415_151814Reduziert-883x1024.jpg 883w, https:\/\/www.aesthetic-cosmetic.com\/blog\/wp-content\/uploads\/2020\/02\/20180415_151814Reduziert-259x300.jpg 259w, https:\/\/www.aesthetic-cosmetic.com\/blog\/wp-content\/uploads\/2020\/02\/20180415_151814Reduziert-768x891.jpg 768w, https:\/\/www.aesthetic-cosmetic.com\/blog\/wp-content\/uploads\/2020\/02\/20180415_151814Reduziert-1325x1536.jpg 1325w, https:\/\/www.aesthetic-cosmetic.com\/blog\/wp-content\/uploads\/2020\/02\/20180415_151814Reduziert.jpg 1467w\" sizes=\"auto, (max-width: 883px) 100vw, 883px\" \/><\/figure>\n\n\n\n<p><strong><a href=\"https:\/\/www.aesthetic-cosmetic.com\/visagismus-grundseminar.html\">Visagismus-Grundseminar<\/a><\/strong><\/p>\n\n\n\n<p>Samstag\/Sonntag,\n28.\/29. M\u00e4rz 2020<\/p>\n\n\n\n<p>Lassen Sie sich\nvon unserer Cheftrainerin Beate, Visagistin, Maskenbildnerin und\nFriseurmeisterin, in die Materie der Gesichtsgestaltung anhand von typgerechtem\nTages-, Business- und Abend Make-up einf\u00fchren.<\/p>\n\n\n\n<h3 class=\"wp-block-heading\"><a href=\"https:\/\/newsletter.kommunikation-design.de\/t\/y-l-uixilt-jtlylkiuhu-z\/\">Insider Tipps mit\nBeate Dreher<\/a><\/h3>\n\n\n\n<p>Praxisnahe\nInsights statt grauer Theorie!<\/p>\n\n\n\n<p>Dieses Seminar\nrichtet sich an folgende Personen:<\/p>\n\n\n\n<p>a) Teilnehmer an\nunseren Fernlehrg\u00e4ngen zur Gepr\u00fcften Visagistin und zur Make-up Fachfrau,\nVisagistin, Farb + Stilberaterin,<\/p>\n\n\n\n<p>b)\nSchnupperm\u00f6glichkeit f\u00fcr Unentschlossene, die o.a. staatlich zugelassene\nBildungsma\u00dfnahmen ergreifen m\u00f6chten. Bei Aufnahme eines der beiden\nFernlehrg\u00e4nge wird der Betrag f\u00fcr das durchgef\u00fchrte Seminar erstattet.<\/p>\n\n\n\n<p>c) Allgemeine\nInteressenten, die sich und andere mit Make-up &#8222;verzaubern&#8220; wollen.<\/p>\n","protected":false},"excerpt":{"rendered":"<p>Visagismus-Grundseminar Samstag\/Sonntag, 28.\/29. M\u00e4rz 2020 Lassen Sie sich von unserer Cheftrainerin Beate, Visagistin, Maskenbildnerin und Friseurmeisterin, in die Materie der Gesichtsgestaltung anhand von typgerechtem Tages-, Business- und Abend Make-up einf\u00fchren. Insider Tipps mit Beate Dreher Praxisnahe Insights statt grauer Theorie! Dieses Seminar richtet sich an folgende Personen: a) Teilnehmer an unseren Fernlehrg\u00e4ngen zur Gepr\u00fcften Visagistin [&hellip;]<\/p>\n","protected":false},"author":1,"featured_media":0,"comment_status":"open","ping_status":"open","sticky":false,"template":"","format":"standard","meta":{"footnotes":""},"categories":[1,41,27,59],"tags":[12,10],"class_list":["post-2063","post","type-post","status-publish","format-standard","hentry","category-allgemein","category-ausbildung","category-kurseseminare","category-visagismus-make-up","tag-visagist","tag-visagistin"],"_links":{"self":[{"href":"https:\/\/www.aesthetic-cosmetic.com\/blog\/wp-json\/wp\/v2\/posts\/2063","targetHints":{"allow":["GET"]}}],"collection":[{"href":"https:\/\/www.aesthetic-cosmetic.com\/blog\/wp-json\/wp\/v2\/posts"}],"about":[{"href":"https:\/\/www.aesthetic-cosmetic.com\/blog\/wp-json\/wp\/v2\/types\/post"}],"author":[{"embeddable":true,"href":"https:\/\/www.aesthetic-cosmetic.com\/blog\/wp-json\/wp\/v2\/users\/1"}],"replies":[{"embeddable":true,"href":"https:\/\/www.aesthetic-cosmetic.com\/blog\/wp-json\/wp\/v2\/comments?post=2063"}],"version-history":[{"count":3,"href":"https:\/\/www.aesthetic-cosmetic.com\/blog\/wp-json\/wp\/v2\/posts\/2063\/revisions"}],"predecessor-version":[{"id":2067,"href":"https:\/\/www.aesthetic-cosmetic.com\/blog\/wp-json\/wp\/v2\/posts\/2063\/revisions\/2067"}],"wp:attachment":[{"href":"https:\/\/www.aesthetic-cosmetic.com\/blog\/wp-json\/wp\/v2\/media?parent=2063"}],"wp:term":[{"taxonomy":"category","embeddable":true,"href":"https:\/\/www.aesthetic-cosmetic.com\/blog\/wp-json\/wp\/v2\/categories?post=2063"},{"taxonomy":"post_tag","embeddable":true,"href":"https:\/\/www.aesthetic-cosmetic.com\/blog\/wp-json\/wp\/v2\/tags?post=2063"}],"curies":[{"name":"wp","href":"https:\/\/api.w.org\/{rel}","templated":true}]}}