{"id":2060,"date":"2020-02-19T10:57:19","date_gmt":"2020-02-19T08:57:19","guid":{"rendered":"http:\/\/www.aesthetic-cosmetic.com\/blog\/?p=2060"},"modified":"2020-02-19T10:57:19","modified_gmt":"2020-02-19T08:57:19","slug":"der-neue-fernlehrgang-bzw-das-e-learning-gepruefte-r-visagist-in","status":"publish","type":"post","link":"https:\/\/www.aesthetic-cosmetic.com\/blog\/2020\/02\/der-neue-fernlehrgang-bzw-das-e-learning-gepruefte-r-visagist-in\/","title":{"rendered":"DER NEUE FERNLEHRGANG BZW. DAS E-LEARNING: GEPR\u00dcFTE\/R VISAGIST\/IN"},"content":{"rendered":"\n<figure class=\"wp-block-image size-large\"><img loading=\"lazy\" decoding=\"async\" width=\"1024\" height=\"999\" src=\"https:\/\/www.aesthetic-cosmetic.com\/blog\/wp-content\/uploads\/2020\/02\/VisagistFernlehrgangInst-1024x999.jpg\" alt=\"\" class=\"wp-image-2061\" srcset=\"https:\/\/www.aesthetic-cosmetic.com\/blog\/wp-content\/uploads\/2020\/02\/VisagistFernlehrgangInst-1024x999.jpg 1024w, https:\/\/www.aesthetic-cosmetic.com\/blog\/wp-content\/uploads\/2020\/02\/VisagistFernlehrgangInst-300x293.jpg 300w, https:\/\/www.aesthetic-cosmetic.com\/blog\/wp-content\/uploads\/2020\/02\/VisagistFernlehrgangInst-768x749.jpg 768w, https:\/\/www.aesthetic-cosmetic.com\/blog\/wp-content\/uploads\/2020\/02\/VisagistFernlehrgangInst-1536x1498.jpg 1536w, https:\/\/www.aesthetic-cosmetic.com\/blog\/wp-content\/uploads\/2020\/02\/VisagistFernlehrgangInst-2048x1998.jpg 2048w\" sizes=\"auto, (max-width: 1024px) 100vw, 1024px\" \/><\/figure>\n\n\n\n<figure class=\"wp-block-table is-style-regular\"><table class=\"has-subtle-pale-pink-background-color has-background\"><tbody><tr><td>\n  &nbsp;\n  <\/td><td>Nutzen Sie Ihre Chance und ergreifen Sie die Gelegenheit, die Sie zu einer neuen, interessanten und kreativen T\u00e4tigkeit f\u00fchrt. Stylen Sie   Menschen mit Hilfe von Make-Up und machen Sie Ihre Kunden und auch sich selbst gl\u00fccklicher und erfolgreicher.  <br> \u00a0                                    <a href=\"https:\/\/www.aesthetic-cosmetic.com\/visagist-in.html\"> Noch heute beginnen! <\/a><br>Sie k\u00f6nnen <strong>jederzeit <\/strong>mit der staatlich zugelassen Bildungsma\u00dfnahme anfangen und diese<strong> nebenberuflich<\/strong> durchf\u00fchren. Sie hat eine Regeldauer von 9 Monaten, die von Ihnen individuell beschleunigt oder verlangsamt werden kann. <br>                              Verwirklichen Sie Ihren Traum!   \u00a0  <br>Wir beraten Sie gern telefonisch von 8.00 Uhr bis 17:30 Uhr unter 07668 99512-0.   \u00a0                 \u00a0               \u00a0                 <a href=\"https:\/\/newsletter.kommunikation-design.de\/t\/y-l-uixilt-jtlylkiuhu-c\/\"><\/a>               \u00a0               <\/td><\/tr><\/tbody><\/table><\/figure>\n\n\n\n<p><\/p>\n","protected":false},"excerpt":{"rendered":"<p>&nbsp; Nutzen Sie Ihre Chance und ergreifen Sie die Gelegenheit, die Sie zu einer neuen, interessanten und kreativen T\u00e4tigkeit f\u00fchrt. Stylen Sie Menschen mit Hilfe von Make-Up und machen Sie Ihre Kunden und auch sich selbst gl\u00fccklicher und erfolgreicher. \u00a0 Noch heute beginnen! Sie k\u00f6nnen jederzeit mit der staatlich zugelassen Bildungsma\u00dfnahme anfangen und diese nebenberuflich [&hellip;]<\/p>\n","protected":false},"author":1,"featured_media":0,"comment_status":"open","ping_status":"open","sticky":false,"template":"","format":"standard","meta":{"footnotes":""},"categories":[41,27,59],"tags":[81,26,80,12,10],"class_list":["post-2060","post","type-post","status-publish","format-standard","hentry","category-ausbildung","category-kurseseminare","category-visagismus-make-up","tag-kurs","tag-make-up-artist","tag-seminar","tag-visagist","tag-visagistin"],"_links":{"self":[{"href":"https:\/\/www.aesthetic-cosmetic.com\/blog\/wp-json\/wp\/v2\/posts\/2060","targetHints":{"allow":["GET"]}}],"collection":[{"href":"https:\/\/www.aesthetic-cosmetic.com\/blog\/wp-json\/wp\/v2\/posts"}],"about":[{"href":"https:\/\/www.aesthetic-cosmetic.com\/blog\/wp-json\/wp\/v2\/types\/post"}],"author":[{"embeddable":true,"href":"https:\/\/www.aesthetic-cosmetic.com\/blog\/wp-json\/wp\/v2\/users\/1"}],"replies":[{"embeddable":true,"href":"https:\/\/www.aesthetic-cosmetic.com\/blog\/wp-json\/wp\/v2\/comments?post=2060"}],"version-history":[{"count":1,"href":"https:\/\/www.aesthetic-cosmetic.com\/blog\/wp-json\/wp\/v2\/posts\/2060\/revisions"}],"predecessor-version":[{"id":2062,"href":"https:\/\/www.aesthetic-cosmetic.com\/blog\/wp-json\/wp\/v2\/posts\/2060\/revisions\/2062"}],"wp:attachment":[{"href":"https:\/\/www.aesthetic-cosmetic.com\/blog\/wp-json\/wp\/v2\/media?parent=2060"}],"wp:term":[{"taxonomy":"category","embeddable":true,"href":"https:\/\/www.aesthetic-cosmetic.com\/blog\/wp-json\/wp\/v2\/categories?post=2060"},{"taxonomy":"post_tag","embeddable":true,"href":"https:\/\/www.aesthetic-cosmetic.com\/blog\/wp-json\/wp\/v2\/tags?post=2060"}],"curies":[{"name":"wp","href":"https:\/\/api.w.org\/{rel}","templated":true}]}}