{"id":2052,"date":"2020-02-13T13:59:18","date_gmt":"2020-02-13T11:59:18","guid":{"rendered":"http:\/\/www.aesthetic-cosmetic.com\/blog\/?p=2052"},"modified":"2020-02-13T14:01:00","modified_gmt":"2020-02-13T12:01:00","slug":"schoene-fuesse-gefaelligst-%f0%9f%a6%b6","status":"publish","type":"post","link":"https:\/\/www.aesthetic-cosmetic.com\/blog\/2020\/02\/schoene-fuesse-gefaelligst-%f0%9f%a6%b6\/","title":{"rendered":"Sch\u00f6ne F\u00fc\u00dfe gef\u00e4lligst ?&#x1f9b6;"},"content":{"rendered":"\n<figure class=\"wp-block-gallery columns-1 is-cropped wp-block-gallery-1 is-layout-flex wp-block-gallery-is-layout-flex\"><ul class=\"blocks-gallery-grid\"><li class=\"blocks-gallery-item\"><figure><img loading=\"lazy\" decoding=\"async\" width=\"1024\" height=\"498\" src=\"https:\/\/www.aesthetic-cosmetic.com\/blog\/wp-content\/uploads\/2020\/02\/20200212_155748-1024x498.jpg\" alt=\"\" data-id=\"2053\" data-full-url=\"https:\/\/www.aesthetic-cosmetic.com\/blog\/wp-content\/uploads\/2020\/02\/20200212_155748-scaled.jpg\" data-link=\"https:\/\/www.aesthetic-cosmetic.com\/blog\/?attachment_id=2053\" class=\"wp-image-2053\" srcset=\"https:\/\/www.aesthetic-cosmetic.com\/blog\/wp-content\/uploads\/2020\/02\/20200212_155748-1024x498.jpg 1024w, https:\/\/www.aesthetic-cosmetic.com\/blog\/wp-content\/uploads\/2020\/02\/20200212_155748-300x146.jpg 300w, https:\/\/www.aesthetic-cosmetic.com\/blog\/wp-content\/uploads\/2020\/02\/20200212_155748-768x373.jpg 768w, https:\/\/www.aesthetic-cosmetic.com\/blog\/wp-content\/uploads\/2020\/02\/20200212_155748-1536x747.jpg 1536w, https:\/\/www.aesthetic-cosmetic.com\/blog\/wp-content\/uploads\/2020\/02\/20200212_155748-2048x996.jpg 2048w\" sizes=\"auto, (max-width: 1024px) 100vw, 1024px\" \/><\/figure><\/li><\/ul><\/figure>\n\n\n\n<p>Unser Medizinisches Fu\u00dfpflege Seminar geht langsam Richtung Ende zu. <br>Unsere flei\u00dfigen Schulungsteilnehmer haben diese Woche schon \u00fcber 35 F\u00fc\u00dfe versch\u00f6nert. <\/p>\n\n\n\n<p>Auch du kannst Teil der Fu\u00dfpflege Familie werden. <br>\u2192 Wie ? <br>Ganz einfach unter <a href=\"https:\/\/www.aesthetic-cosmetic.com\/fusspflege.html\">www.aesthetic-cosmetic.com <\/a> f\u00fcr die n\u00e4chsten Seminare anmelden. <\/p>\n\n\n\n<p>Wir freuen uns auf euch ! &#x263a; <\/p>\n","protected":false},"excerpt":{"rendered":"<p>Unser Medizinisches Fu\u00dfpflege Seminar geht langsam Richtung Ende zu. Unsere flei\u00dfigen Schulungsteilnehmer haben diese Woche schon \u00fcber 35 F\u00fc\u00dfe versch\u00f6nert. Auch du kannst Teil der Fu\u00dfpflege Familie werden. \u2192 Wie ? Ganz einfach unter www.aesthetic-cosmetic.com f\u00fcr die n\u00e4chsten Seminare anmelden. Wir freuen uns auf euch ! &#x263a;<\/p>\n","protected":false},"author":2,"featured_media":0,"comment_status":"open","ping_status":"open","sticky":false,"template":"","format":"standard","meta":{"footnotes":""},"categories":[1,41,61,27],"tags":[33,32,31,28],"class_list":["post-2052","post","type-post","status-publish","format-standard","hentry","category-allgemein","category-ausbildung","category-fuspflege","category-kurseseminare","tag-fuspfleger","tag-fuspflegerinnen","tag-fuspflegeschule","tag-medizinische-fuspflege"],"_links":{"self":[{"href":"https:\/\/www.aesthetic-cosmetic.com\/blog\/wp-json\/wp\/v2\/posts\/2052","targetHints":{"allow":["GET"]}}],"collection":[{"href":"https:\/\/www.aesthetic-cosmetic.com\/blog\/wp-json\/wp\/v2\/posts"}],"about":[{"href":"https:\/\/www.aesthetic-cosmetic.com\/blog\/wp-json\/wp\/v2\/types\/post"}],"author":[{"embeddable":true,"href":"https:\/\/www.aesthetic-cosmetic.com\/blog\/wp-json\/wp\/v2\/users\/2"}],"replies":[{"embeddable":true,"href":"https:\/\/www.aesthetic-cosmetic.com\/blog\/wp-json\/wp\/v2\/comments?post=2052"}],"version-history":[{"count":1,"href":"https:\/\/www.aesthetic-cosmetic.com\/blog\/wp-json\/wp\/v2\/posts\/2052\/revisions"}],"predecessor-version":[{"id":2054,"href":"https:\/\/www.aesthetic-cosmetic.com\/blog\/wp-json\/wp\/v2\/posts\/2052\/revisions\/2054"}],"wp:attachment":[{"href":"https:\/\/www.aesthetic-cosmetic.com\/blog\/wp-json\/wp\/v2\/media?parent=2052"}],"wp:term":[{"taxonomy":"category","embeddable":true,"href":"https:\/\/www.aesthetic-cosmetic.com\/blog\/wp-json\/wp\/v2\/categories?post=2052"},{"taxonomy":"post_tag","embeddable":true,"href":"https:\/\/www.aesthetic-cosmetic.com\/blog\/wp-json\/wp\/v2\/tags?post=2052"}],"curies":[{"name":"wp","href":"https:\/\/api.w.org\/{rel}","templated":true}]}}