{"id":2026,"date":"2020-01-22T16:56:51","date_gmt":"2020-01-22T14:56:51","guid":{"rendered":"http:\/\/www.aesthetic-cosmetic.com\/blog\/?p=2026"},"modified":"2020-01-22T16:56:51","modified_gmt":"2020-01-22T14:56:51","slug":"med-fusspflege-modelle-gesucht","status":"publish","type":"post","link":"https:\/\/www.aesthetic-cosmetic.com\/blog\/2020\/01\/med-fusspflege-modelle-gesucht\/","title":{"rendered":"Med. Fu\u00dfpflege Modelle gesucht !"},"content":{"rendered":"\n<p>F\u00fcr unser <a href=\"https:\/\/www.aesthetic-cosmetic.com\/fusspflege.html\">Medizinisches Fu\u00dfpflege Seminar<\/a> am Donnerstag, den 13.02.2020, suchen wir Modelle mit &#8222;Problemf\u00fc\u00dfen&#8220; \u00a0&#x1f9b6;&#x1f9b6;\u00a0(H\u00fchneraugen, Nagelver\u00e4nderungen etc.)<br>Terminabsprache ab sofort unter 07668\/99512-0\u00a0&#x1f469;&#x200d;&#x2695;&#xfe0f;&#x1f468;&#x200d;&#x2695;&#xfe0f;<br>Die Behandlung ist nat\u00fcrlich kostenlos. <\/p>\n\n\n\n<figure class=\"wp-block-image size-large is-resized\"><img loading=\"lazy\" decoding=\"async\" src=\"https:\/\/www.aesthetic-cosmetic.com\/blog\/wp-content\/uploads\/2020\/01\/20190910_141541-1024x498.jpg\" alt=\"\" class=\"wp-image-2027\" width=\"577\" height=\"281\" srcset=\"https:\/\/www.aesthetic-cosmetic.com\/blog\/wp-content\/uploads\/2020\/01\/20190910_141541-1024x498.jpg 1024w, https:\/\/www.aesthetic-cosmetic.com\/blog\/wp-content\/uploads\/2020\/01\/20190910_141541-300x146.jpg 300w, https:\/\/www.aesthetic-cosmetic.com\/blog\/wp-content\/uploads\/2020\/01\/20190910_141541-768x373.jpg 768w, https:\/\/www.aesthetic-cosmetic.com\/blog\/wp-content\/uploads\/2020\/01\/20190910_141541-1536x747.jpg 1536w, https:\/\/www.aesthetic-cosmetic.com\/blog\/wp-content\/uploads\/2020\/01\/20190910_141541-2048x996.jpg 2048w\" sizes=\"auto, (max-width: 577px) 100vw, 577px\" \/><\/figure>\n","protected":false},"excerpt":{"rendered":"<p>F\u00fcr unser Medizinisches Fu\u00dfpflege Seminar am Donnerstag, den 13.02.2020, suchen wir Modelle mit &#8222;Problemf\u00fc\u00dfen&#8220; \u00a0&#x1f9b6;&#x1f9b6;\u00a0(H\u00fchneraugen, Nagelver\u00e4nderungen etc.)Terminabsprache ab sofort unter 07668\/99512-0\u00a0&#x1f469;&#x200d;&#x2695;&#xfe0f;&#x1f468;&#x200d;&#x2695;&#xfe0f;Die Behandlung ist nat\u00fcrlich kostenlos.<\/p>\n","protected":false},"author":1,"featured_media":0,"comment_status":"open","ping_status":"open","sticky":false,"template":"","format":"standard","meta":{"footnotes":""},"categories":[1],"tags":[],"class_list":["post-2026","post","type-post","status-publish","format-standard","hentry","category-allgemein"],"_links":{"self":[{"href":"https:\/\/www.aesthetic-cosmetic.com\/blog\/wp-json\/wp\/v2\/posts\/2026","targetHints":{"allow":["GET"]}}],"collection":[{"href":"https:\/\/www.aesthetic-cosmetic.com\/blog\/wp-json\/wp\/v2\/posts"}],"about":[{"href":"https:\/\/www.aesthetic-cosmetic.com\/blog\/wp-json\/wp\/v2\/types\/post"}],"author":[{"embeddable":true,"href":"https:\/\/www.aesthetic-cosmetic.com\/blog\/wp-json\/wp\/v2\/users\/1"}],"replies":[{"embeddable":true,"href":"https:\/\/www.aesthetic-cosmetic.com\/blog\/wp-json\/wp\/v2\/comments?post=2026"}],"version-history":[{"count":5,"href":"https:\/\/www.aesthetic-cosmetic.com\/blog\/wp-json\/wp\/v2\/posts\/2026\/revisions"}],"predecessor-version":[{"id":2032,"href":"https:\/\/www.aesthetic-cosmetic.com\/blog\/wp-json\/wp\/v2\/posts\/2026\/revisions\/2032"}],"wp:attachment":[{"href":"https:\/\/www.aesthetic-cosmetic.com\/blog\/wp-json\/wp\/v2\/media?parent=2026"}],"wp:term":[{"taxonomy":"category","embeddable":true,"href":"https:\/\/www.aesthetic-cosmetic.com\/blog\/wp-json\/wp\/v2\/categories?post=2026"},{"taxonomy":"post_tag","embeddable":true,"href":"https:\/\/www.aesthetic-cosmetic.com\/blog\/wp-json\/wp\/v2\/tags?post=2026"}],"curies":[{"name":"wp","href":"https:\/\/api.w.org\/{rel}","templated":true}]}}