{"id":1996,"date":"2019-02-17T18:02:10","date_gmt":"2019-02-17T16:02:10","guid":{"rendered":"http:\/\/www.aesthetic-cosmetic.com\/blog\/?p=1996"},"modified":"2019-02-17T18:02:10","modified_gmt":"2019-02-17T16:02:10","slug":"aesthetic-cosmetic-pflege-trifft-die-natur","status":"publish","type":"post","link":"https:\/\/www.aesthetic-cosmetic.com\/blog\/2019\/02\/aesthetic-cosmetic-pflege-trifft-die-natur\/","title":{"rendered":"aesthetic + cosmetic: Pflege trifft die Natur"},"content":{"rendered":"<p>PFLEGE TRIFFT DIE NATUR<\/p>\n<p>Nat\u00fcrliche Sch\u00f6nheit mit den Produkten von <a href=\"https:\/\/www.aesthetic-cosmetic.com\/neu-physio-natura-bio-naturkosmetik.html\">Physio Natura Bio<\/a>.<\/p>\n<p>An alle Kosmetikerinnen, Wellness-Fachkr\u00e4fte und SPA-Inhaber, die noch keine Informationen haben: Melden Sie sich bei uns. Tel.: 07668 99512-0.<\/p>\n<p>&nbsp;<\/p>\n<p><img loading=\"lazy\" decoding=\"async\" class=\"aligncenter  wp-image-1997\" src=\"https:\/\/www.aesthetic-cosmetic.com\/blog\/wp-content\/uploads\/2019\/02\/PhysioNaturaBioDeckblatt30-184x300.jpg\" alt=\"PhysioNaturaBioDeckblatt(30%)\" width=\"251\" height=\"409\" srcset=\"https:\/\/www.aesthetic-cosmetic.com\/blog\/wp-content\/uploads\/2019\/02\/PhysioNaturaBioDeckblatt30-184x300.jpg 184w, https:\/\/www.aesthetic-cosmetic.com\/blog\/wp-content\/uploads\/2019\/02\/PhysioNaturaBioDeckblatt30.jpg 432w\" sizes=\"auto, (max-width: 251px) 100vw, 251px\" \/> <img loading=\"lazy\" decoding=\"async\" class=\"aligncenter  wp-image-1998\" src=\"https:\/\/www.aesthetic-cosmetic.com\/blog\/wp-content\/uploads\/2019\/02\/Aufsteller1Reduziert-167x300.jpg\" alt=\"Aufsteller1Reduziert\" width=\"245\" height=\"441\" \/><\/p>\n","protected":false},"excerpt":{"rendered":"<p>PFLEGE TRIFFT DIE NATUR Nat\u00fcrliche Sch\u00f6nheit mit den Produkten von Physio Natura Bio. An alle Kosmetikerinnen, Wellness-Fachkr\u00e4fte und SPA-Inhaber, die noch keine Informationen haben: Melden Sie sich bei uns. Tel.: 07668 99512-0. &nbsp;<\/p>\n","protected":false},"author":1,"featured_media":0,"comment_status":"open","ping_status":"open","sticky":false,"template":"","format":"standard","meta":{"footnotes":""},"categories":[1,54,42,7,69,13],"tags":[],"class_list":["post-1996","post","type-post","status-publish","format-standard","hentry","category-allgemein","category-apothekenkosmetik","category-kosmetik","category-kosmetikerin","category-kosmetische-pflegeprodukte","category-wellness"],"_links":{"self":[{"href":"https:\/\/www.aesthetic-cosmetic.com\/blog\/wp-json\/wp\/v2\/posts\/1996","targetHints":{"allow":["GET"]}}],"collection":[{"href":"https:\/\/www.aesthetic-cosmetic.com\/blog\/wp-json\/wp\/v2\/posts"}],"about":[{"href":"https:\/\/www.aesthetic-cosmetic.com\/blog\/wp-json\/wp\/v2\/types\/post"}],"author":[{"embeddable":true,"href":"https:\/\/www.aesthetic-cosmetic.com\/blog\/wp-json\/wp\/v2\/users\/1"}],"replies":[{"embeddable":true,"href":"https:\/\/www.aesthetic-cosmetic.com\/blog\/wp-json\/wp\/v2\/comments?post=1996"}],"version-history":[{"count":1,"href":"https:\/\/www.aesthetic-cosmetic.com\/blog\/wp-json\/wp\/v2\/posts\/1996\/revisions"}],"predecessor-version":[{"id":1999,"href":"https:\/\/www.aesthetic-cosmetic.com\/blog\/wp-json\/wp\/v2\/posts\/1996\/revisions\/1999"}],"wp:attachment":[{"href":"https:\/\/www.aesthetic-cosmetic.com\/blog\/wp-json\/wp\/v2\/media?parent=1996"}],"wp:term":[{"taxonomy":"category","embeddable":true,"href":"https:\/\/www.aesthetic-cosmetic.com\/blog\/wp-json\/wp\/v2\/categories?post=1996"},{"taxonomy":"post_tag","embeddable":true,"href":"https:\/\/www.aesthetic-cosmetic.com\/blog\/wp-json\/wp\/v2\/tags?post=1996"}],"curies":[{"name":"wp","href":"https:\/\/api.w.org\/{rel}","templated":true}]}}