{"id":1980,"date":"2018-12-02T18:17:02","date_gmt":"2018-12-02T16:17:02","guid":{"rendered":"http:\/\/www.aesthetic-cosmetic.com\/blog\/?p=1980"},"modified":"2018-12-02T18:17:02","modified_gmt":"2018-12-02T16:17:02","slug":"fusspflege-mit-lydia","status":"publish","type":"post","link":"https:\/\/www.aesthetic-cosmetic.com\/blog\/2018\/12\/fusspflege-mit-lydia\/","title":{"rendered":"Fu\u00dfpflege mit Lydia"},"content":{"rendered":"<div class=\"\" data-block=\"true\" data-editor=\"eb8bm\" data-offset-key=\"b85n1-0-0\">\n<div class=\"_1mf _1mj\" data-offset-key=\"b85n1-0-0\"><span data-offset-key=\"b85n1-0-0\"><span data-text=\"true\">Ein superdickes Lob an Lydia, nicht nur von uns, sondern auch von unseren Teilnehmern.<\/span><\/span><\/div>\n<div class=\"_1mf _1mj\" data-offset-key=\"b85n1-0-0\"><\/div>\n<\/div>\n<div class=\"_1mf _1mj\" data-offset-key=\"b85n1-0-0\"><img loading=\"lazy\" decoding=\"async\" class=\"aligncenter size-medium wp-image-1981\" src=\"https:\/\/www.aesthetic-cosmetic.com\/blog\/wp-content\/uploads\/2018\/12\/20181126_111817Lydia-238x300.jpg\" alt=\"20181126_111817(Lydia)\" width=\"238\" height=\"300\" srcset=\"https:\/\/www.aesthetic-cosmetic.com\/blog\/wp-content\/uploads\/2018\/12\/20181126_111817Lydia-238x300.jpg 238w, https:\/\/www.aesthetic-cosmetic.com\/blog\/wp-content\/uploads\/2018\/12\/20181126_111817Lydia.jpg 486w\" sizes=\"auto, (max-width: 238px) 100vw, 238px\" \/><\/div>\n<div class=\"\" data-block=\"true\" data-editor=\"eb8bm\" data-offset-key=\"dv9vc-0-0\">\n<div class=\"_1mf _1mj\" data-offset-key=\"dv9vc-0-0\"><span data-offset-key=\"dv9vc-0-0\">\u00a0<\/span><\/div>\n<\/div>\n<div class=\"\" data-block=\"true\" data-editor=\"eb8bm\" data-offset-key=\"fth9u-0-0\">\n<div class=\"_1mf _1mj\" data-offset-key=\"fth9u-0-0\"><span data-offset-key=\"fth9u-0-0\"><span data-text=\"true\">Trotz gesundheitlicher Probleme hat sie mit \u00e4rztlicher Unterst\u00fctzung das praktische Fu\u00dfpflegeseminar letzte Woche in dem uns bekannten gro\u00dfartigen Engagement mit vollstem Einsatz durchgef\u00fchrt. Ihr Teilnehmer habt dies ausnahmslos mit der Note 1,0 bewertet.<\/span><\/span><\/div>\n<\/div>\n<div class=\"\" data-block=\"true\" data-editor=\"eb8bm\" data-offset-key=\"20g1a-0-0\">\n<div class=\"_1mf _1mj\" data-offset-key=\"20g1a-0-0\"><span data-offset-key=\"20g1a-0-0\">\u00a0<\/span><\/div>\n<\/div>\n<div class=\"\" data-block=\"true\" data-editor=\"eb8bm\" data-offset-key=\"8pk8p-0-0\">\n<div class=\"_1mf _1mj\" data-offset-key=\"8pk8p-0-0\"><span data-offset-key=\"8pk8p-0-0\"><span data-text=\"true\">Das an diesem Sonntag geplante Seminar in <a href=\"https:\/\/www.aesthetic-cosmetic.com\/orthonyxie-spangentechnik.html\"><strong>Nageltechnik (Orthonyxie)<\/strong><\/a> verschieben wir auf Samstag, den 3. M\u00e4rz 2019. Wir w\u00fcnschen Lydia gute Besserung!!!<\/span><\/span><\/div>\n<\/div>\n","protected":false},"excerpt":{"rendered":"<p>Ein superdickes Lob an Lydia, nicht nur von uns, sondern auch von unseren Teilnehmern. \u00a0 Trotz gesundheitlicher Probleme hat sie mit \u00e4rztlicher Unterst\u00fctzung das praktische Fu\u00dfpflegeseminar letzte Woche in dem uns bekannten gro\u00dfartigen Engagement mit vollstem Einsatz durchgef\u00fchrt. Ihr Teilnehmer habt dies ausnahmslos mit der Note 1,0 bewertet. \u00a0 Das an diesem Sonntag geplante Seminar [&hellip;]<\/p>\n","protected":false},"author":1,"featured_media":0,"comment_status":"open","ping_status":"open","sticky":false,"template":"","format":"standard","meta":{"footnotes":""},"categories":[41,61,27,13],"tags":[],"class_list":["post-1980","post","type-post","status-publish","format-standard","hentry","category-ausbildung","category-fuspflege","category-kurseseminare","category-wellness"],"_links":{"self":[{"href":"https:\/\/www.aesthetic-cosmetic.com\/blog\/wp-json\/wp\/v2\/posts\/1980","targetHints":{"allow":["GET"]}}],"collection":[{"href":"https:\/\/www.aesthetic-cosmetic.com\/blog\/wp-json\/wp\/v2\/posts"}],"about":[{"href":"https:\/\/www.aesthetic-cosmetic.com\/blog\/wp-json\/wp\/v2\/types\/post"}],"author":[{"embeddable":true,"href":"https:\/\/www.aesthetic-cosmetic.com\/blog\/wp-json\/wp\/v2\/users\/1"}],"replies":[{"embeddable":true,"href":"https:\/\/www.aesthetic-cosmetic.com\/blog\/wp-json\/wp\/v2\/comments?post=1980"}],"version-history":[{"count":1,"href":"https:\/\/www.aesthetic-cosmetic.com\/blog\/wp-json\/wp\/v2\/posts\/1980\/revisions"}],"predecessor-version":[{"id":1982,"href":"https:\/\/www.aesthetic-cosmetic.com\/blog\/wp-json\/wp\/v2\/posts\/1980\/revisions\/1982"}],"wp:attachment":[{"href":"https:\/\/www.aesthetic-cosmetic.com\/blog\/wp-json\/wp\/v2\/media?parent=1980"}],"wp:term":[{"taxonomy":"category","embeddable":true,"href":"https:\/\/www.aesthetic-cosmetic.com\/blog\/wp-json\/wp\/v2\/categories?post=1980"},{"taxonomy":"post_tag","embeddable":true,"href":"https:\/\/www.aesthetic-cosmetic.com\/blog\/wp-json\/wp\/v2\/tags?post=1980"}],"curies":[{"name":"wp","href":"https:\/\/api.w.org\/{rel}","templated":true}]}}