{"id":1962,"date":"2018-10-23T19:18:06","date_gmt":"2018-10-23T17:18:06","guid":{"rendered":"http:\/\/www.aesthetic-cosmetic.com\/blog\/?p=1962"},"modified":"2018-10-23T19:18:06","modified_gmt":"2018-10-23T17:18:06","slug":"neue-vegane-kosmetik-bei-aesthetic-cosmetic","status":"publish","type":"post","link":"https:\/\/www.aesthetic-cosmetic.com\/blog\/2018\/10\/neue-vegane-kosmetik-bei-aesthetic-cosmetic\/","title":{"rendered":"neue vegane Kosmetik bei aesthetic + cosmetic"},"content":{"rendered":"<p>Launch von <a href=\"https:\/\/www.aesthetic-cosmetic.com\/neu-physio-natura-naturkosmetik.html\">Physio Natura<\/a>, unserer neuen <a href=\"https:\/\/www.aesthetic-cosmetic.com\/neu-physio-natura-bio-naturkosmetik.html\">veganen Kosmetik<\/a>.<\/p>\n<p>Gilda und Lorella von PDT Cosmetici aus Apulien haben uns nicht nur 100-prozentig von ihrer Kosmetik \u00fcberzeugt, sondern auch von au\u00dfergew\u00f6hnlichen Massageformen, die uns bisher nicht bekannt waren.<\/p>\n<p><img loading=\"lazy\" decoding=\"async\" class=\"aligncenter  wp-image-1964\" src=\"https:\/\/www.aesthetic-cosmetic.com\/blog\/wp-content\/uploads\/2018\/10\/20181020_125554_resized-300x146.jpg\" alt=\"20181020_125554_resized\" width=\"403\" height=\"196\" srcset=\"https:\/\/www.aesthetic-cosmetic.com\/blog\/wp-content\/uploads\/2018\/10\/20181020_125554_resized-300x146.jpg 300w, https:\/\/www.aesthetic-cosmetic.com\/blog\/wp-content\/uploads\/2018\/10\/20181020_125554_resized-768x373.jpg 768w, https:\/\/www.aesthetic-cosmetic.com\/blog\/wp-content\/uploads\/2018\/10\/20181020_125554_resized-1024x498.jpg 1024w, https:\/\/www.aesthetic-cosmetic.com\/blog\/wp-content\/uploads\/2018\/10\/20181020_125554_resized.jpg 2016w\" sizes=\"auto, (max-width: 403px) 100vw, 403px\" \/> <img loading=\"lazy\" decoding=\"async\" class=\"aligncenter  wp-image-1965\" src=\"https:\/\/www.aesthetic-cosmetic.com\/blog\/wp-content\/uploads\/2018\/10\/20181020_112615_resized-300x146.jpg\" alt=\"20181020_112615_resized\" width=\"400\" height=\"195\" srcset=\"https:\/\/www.aesthetic-cosmetic.com\/blog\/wp-content\/uploads\/2018\/10\/20181020_112615_resized-300x146.jpg 300w, https:\/\/www.aesthetic-cosmetic.com\/blog\/wp-content\/uploads\/2018\/10\/20181020_112615_resized-768x373.jpg 768w, https:\/\/www.aesthetic-cosmetic.com\/blog\/wp-content\/uploads\/2018\/10\/20181020_112615_resized-1024x498.jpg 1024w, https:\/\/www.aesthetic-cosmetic.com\/blog\/wp-content\/uploads\/2018\/10\/20181020_112615_resized.jpg 2016w\" sizes=\"auto, (max-width: 400px) 100vw, 400px\" \/><\/p>\n<p>&nbsp;<\/p>\n","protected":false},"excerpt":{"rendered":"<p>Launch von Physio Natura, unserer neuen veganen Kosmetik. Gilda und Lorella von PDT Cosmetici aus Apulien haben uns nicht nur 100-prozentig von ihrer Kosmetik \u00fcberzeugt, sondern auch von au\u00dfergew\u00f6hnlichen Massageformen, die uns bisher nicht bekannt waren. &nbsp;<\/p>\n","protected":false},"author":1,"featured_media":0,"comment_status":"open","ping_status":"open","sticky":false,"template":"","format":"standard","meta":{"footnotes":""},"categories":[1,54,42,69,13],"tags":[],"class_list":["post-1962","post","type-post","status-publish","format-standard","hentry","category-allgemein","category-apothekenkosmetik","category-kosmetik","category-kosmetische-pflegeprodukte","category-wellness"],"_links":{"self":[{"href":"https:\/\/www.aesthetic-cosmetic.com\/blog\/wp-json\/wp\/v2\/posts\/1962","targetHints":{"allow":["GET"]}}],"collection":[{"href":"https:\/\/www.aesthetic-cosmetic.com\/blog\/wp-json\/wp\/v2\/posts"}],"about":[{"href":"https:\/\/www.aesthetic-cosmetic.com\/blog\/wp-json\/wp\/v2\/types\/post"}],"author":[{"embeddable":true,"href":"https:\/\/www.aesthetic-cosmetic.com\/blog\/wp-json\/wp\/v2\/users\/1"}],"replies":[{"embeddable":true,"href":"https:\/\/www.aesthetic-cosmetic.com\/blog\/wp-json\/wp\/v2\/comments?post=1962"}],"version-history":[{"count":1,"href":"https:\/\/www.aesthetic-cosmetic.com\/blog\/wp-json\/wp\/v2\/posts\/1962\/revisions"}],"predecessor-version":[{"id":1966,"href":"https:\/\/www.aesthetic-cosmetic.com\/blog\/wp-json\/wp\/v2\/posts\/1962\/revisions\/1966"}],"wp:attachment":[{"href":"https:\/\/www.aesthetic-cosmetic.com\/blog\/wp-json\/wp\/v2\/media?parent=1962"}],"wp:term":[{"taxonomy":"category","embeddable":true,"href":"https:\/\/www.aesthetic-cosmetic.com\/blog\/wp-json\/wp\/v2\/categories?post=1962"},{"taxonomy":"post_tag","embeddable":true,"href":"https:\/\/www.aesthetic-cosmetic.com\/blog\/wp-json\/wp\/v2\/tags?post=1962"}],"curies":[{"name":"wp","href":"https:\/\/api.w.org\/{rel}","templated":true}]}}