{"id":191,"date":"2011-08-11T09:27:30","date_gmt":"2011-08-11T07:27:30","guid":{"rendered":"http:\/\/www.aesthetic-cosmetic.com\/blog\/?p=191"},"modified":"2011-08-11T09:27:30","modified_gmt":"2011-08-11T07:27:30","slug":"ausbildung-zur-kosmetikerin-an-einer-kosmetikschule-bei-unseren-nachbarn-in-der-schweiz","status":"publish","type":"post","link":"https:\/\/www.aesthetic-cosmetic.com\/blog\/2011\/08\/ausbildung-zur-kosmetikerin-an-einer-kosmetikschule-bei-unseren-nachbarn-in-der-schweiz\/","title":{"rendered":"Ausbildung zur Kosmetikerin an einer Kosmetikschule bei unseren Nachbarn in der Schweiz"},"content":{"rendered":"<p>Die Ausbildung zur <a title=\"Ausbildung zur Kosmetikerin\" href=\"http:\/\/www.aesthetic-cosmetic.com\/fernstudium\/kosmetikerin.html\" target=\"_blank\">Kosmetikerin<\/a> an einer <a title=\"Kosmetikschule in der Schweiz, Ausbildung zur Kosmetikerin\" href=\"http:\/\/www.aesthetic-cosmetic.com\/fernstudium\/kosmetikerin.html\" target=\"_blank\">Kosmetikschule in der Schweiz<\/a>: ein Beispiel an Toleranz der Vielf\u00e4ltigkeit, das als Vorbild f\u00fcr die EU gelten sollte.<\/p>\n<p>Laut dem Schweizer Fachverband f\u00fcr Kosmetik existieren f\u00fcr die <a title=\"Ausbildung zur Kosmetikerin\" href=\"http:\/\/www.aesthetic-cosmetic.com\/fernstudium\/kosmetikerin.html\" target=\"_blank\">Ausbildung zur Kosmetikerin<\/a> und der Berufsbezeichnung der <a title=\"Ausbildung zur Kosmetikerin\" href=\"http:\/\/www.aesthetic-cosmetic.com\/fernstudium\/kosmetikerin.html\" target=\"_blank\">Kosmetikerin<\/a> an den <a title=\"Kosmetikschule, Ausbildung zur Kosmetikerin\" href=\"http:\/\/www.aesthetic-cosmetic.com\/glossar\/kosmetikschule.html\" target=\"_blank\">Kosmetikschulen<\/a> vier Modelle:<\/p>\n<ul>\n<li><a title=\"Ausbildung zur Kosmetikerin\" href=\"http:\/\/www.aesthetic-cosmetic.com\/fernstudium\/kosmetikerin.html\" target=\"_blank\">Kosmetikerin<\/a> mit Diplom einer privaten <a title=\"Kosmetikschule, Ausbildung zur Kosmetikerin\" href=\"http:\/\/www.aesthetic-cosmetic.com\/fernstudium\/kosmetikerin.html\" target=\"_blank\">Kosmetikschule<\/a><\/li>\n<\/ul>\n<ul>\n<li><a title=\"Ausbildung zur Kosmetikerin in Freiburg\" href=\"http:\/\/www.aesthetic-cosmetic.com\/fernstudium\/kosmetikerin.html\" target=\"_blank\">Kosmetikerin EFZ, Kosmetikerin<\/a> mit Eidgen\u00f6ssischen F\u00e4higkeitszeugnis nach dreij\u00e4hriger Ausbildung, z.B. an einer <a title=\"Kosmetikschule, Ausbildung zur Kosmetikerin\" href=\"http:\/\/www.aesthetic-cosmetic.com\/fernstudium\/kosmetikerin.html\" target=\"_blank\">Kosmetikschule<\/a><\/li>\n<\/ul>\n<ul>\n<li><a title=\"Ausbildung zur Kosmetikerin in Freiburg\" href=\"http:\/\/www.aesthetic-cosmetic.com\/fernstudium\/kosmetikerin.html\" target=\"_blank\">Kosmetikerin FA<\/a>, Inhaberin des eidgen\u00f6ssischen Fachausweises, Absolventin der Berufspr\u00fcfung, z.B. an einer <a title=\"Kosmetikschule in Freiburg, Baden-W\u00fcrttemberg\" href=\"http:\/\/www.aesthetic-cosmetic.com\/glossar\/kosmetikschule.html\" target=\"_blank\">Kosmetikschule<\/a><\/li>\n<\/ul>\n<p><strong> <\/strong><\/p>\n<ul>\n<li><a title=\"Ausbildung zur Kosmetikerin HFP, Diplomkosmetikerin\" href=\"http:\/\/www.aesthetic-cosmetic.com\/fernstudium\/kosmetikerin.html\" target=\"_blank\">Kosmetikerin HFP, Diplomkosmetikerin<\/a><strong>,<\/strong> Inhaberin des eidgen\u00f6ssischen Diploms als Absolventin der H\u00f6heren Fachpr\u00fcfung (Meisterpr\u00fcfung), z.B. an einer <a title=\"Kosmetikschule, Ausbildung zur Kosmetikerin\" href=\"http:\/\/www.aesthetic-cosmetic.com\/fernstudium\/kosmetikerin.html\" target=\"_blank\">Kosmetikschule<\/a><\/li>\n<\/ul>\n<p>Die Arbeit als Angestellte im Kosmetikinstitut und die Aufnahme der selbstst\u00e4ndigen T\u00e4tigkeit als <a title=\"Ausbildung zur Kosmetikerin im Kosmetikinstitut\" href=\"http:\/\/www.aesthetic-cosmetic.com\/fernstudium\/kosmetikerin.html\" target=\"_blank\">Kosmetikerin<\/a> erfolgt unabh\u00e4ngig davon, ob die Ausbildung an einer privaten <a title=\"Kosmetikschule, Ausbildung zur Kosmetikerin\" href=\"http:\/\/www.aesthetic-cosmetic.com\/glossar\/kosmetikschule.html\" target=\"_blank\">Kosmetikschule<\/a> mit Diplom oder zur <a title=\"Ausbildung zur Kosmetikerin\" href=\"http:\/\/www.aesthetic-cosmetic.com\/fernstudium\/kosmetikerin.html\" target=\"_blank\">Kosmetikerin<\/a> mit den Zus\u00e4tzen EFZ, FA oder HFP erfolgte.<\/p>\n<p>Dazu geh\u00f6ren auch ausl\u00e4ndische Abschl\u00fcsse an privaten und\/oder staatlich kontrollierten <a title=\"Kosmetikschule, Ausbildung zur Kosmetikerin\" href=\"http:\/\/www.aesthetic-cosmetic.com\/fernstudium\/kosmetikerin.html\" target=\"_blank\">Kosmetikschulen<\/a> wie derjenigen von aesthetic + cosmetic marketing GmbH bei Freiburg im Breisgau (Deutschland), etwa 50 km n\u00f6rdlich von Basel gelegen: eine interessante Alternative und dies nicht nur aus Gr\u00fcnden des g\u00fcnstigen Wechselkurses vom Schweizer Franken zum Euro. Auch die Unterrichtsqualit\u00e4t spielt eine wichtige Rolle. Dies ist bei aesthetic und cosmetic aufgrund der Zertifizierung dieser <a title=\"Kosmetikschule, Ausbildung zur Kosmetikerin\" href=\"http:\/\/www.aesthetic-cosmetic.com\/fernstudium\/kosmetikerin.html\" target=\"_blank\">Kosmetikschule<\/a> nach Qualit\u00e4tsnormen, der Zulassung dieser <a title=\"Kosmetikschule, Ausbildung zur Kosmetikerin\" href=\"http:\/\/www.aesthetic-cosmetic.com\/fernstudium\/kosmetikerin.html\" target=\"_blank\">Kosmetikschule<\/a> durch die Bundesagentur f\u00fcr Arbeit und der staatlichen Kontrolle und Zulassung dieser <a title=\"Kosmetikschule, Ausbildung zur Kosmetikerin in Freiburg, Baden W\u00fcrttemberg\" href=\"http:\/\/www.aesthetic-cosmetic.com\/fernstudium\/kosmetikerin.html\" target=\"_blank\">Kosmetikschule<\/a> durch die ZFU eindeutig gew\u00e4hrleistet.<\/p>\n<p>Die Mehrzahl unserer Teilnehmer belegen unsere Fernlehrg\u00e4nge mit Praxisanteilen mit dem Ziel, sich fr\u00fcher oder sp\u00e4ter in Deutschland oder dem europ\u00e4ischen Ausland wie der Schweiz und auch in au\u00dfereurop\u00e4ischen Gebieten als <a title=\"Ausbildung zur Kosmetikerin\" href=\"http:\/\/www.aesthetic-cosmetic.com\/fernstudium\/kosmetikerin.html\" target=\"_blank\">Kosmetikerin<\/a> selbstst\u00e4ndig zu machen.<\/p>\n","protected":false},"excerpt":{"rendered":"<p>Die Ausbildung zur Kosmetikerin an einer Kosmetikschule in der Schweiz: ein Beispiel an Toleranz der Vielf\u00e4ltigkeit, das als Vorbild f\u00fcr die EU gelten sollte. Laut dem Schweizer Fachverband f\u00fcr Kosmetik existieren f\u00fcr die Ausbildung zur Kosmetikerin und der Berufsbezeichnung der Kosmetikerin an den Kosmetikschulen vier Modelle: Kosmetikerin mit Diplom einer privaten Kosmetikschule Kosmetikerin EFZ, Kosmetikerin [&hellip;]<\/p>\n","protected":false},"author":1,"featured_media":0,"comment_status":"open","ping_status":"open","sticky":false,"template":"","format":"standard","meta":{"footnotes":""},"categories":[41,3,42],"tags":[36,40,37,38,39,74,24],"class_list":["post-191","post","type-post","status-publish","format-standard","hentry","category-ausbildung","category-fernunterricht","category-kosmetik","tag-ausbildung-zur-kosmetikerin","tag-diplomkosmetikerin","tag-efz","tag-fa","tag-hfp","tag-kosmetikerin","tag-kosmetikschule"],"_links":{"self":[{"href":"https:\/\/www.aesthetic-cosmetic.com\/blog\/wp-json\/wp\/v2\/posts\/191","targetHints":{"allow":["GET"]}}],"collection":[{"href":"https:\/\/www.aesthetic-cosmetic.com\/blog\/wp-json\/wp\/v2\/posts"}],"about":[{"href":"https:\/\/www.aesthetic-cosmetic.com\/blog\/wp-json\/wp\/v2\/types\/post"}],"author":[{"embeddable":true,"href":"https:\/\/www.aesthetic-cosmetic.com\/blog\/wp-json\/wp\/v2\/users\/1"}],"replies":[{"embeddable":true,"href":"https:\/\/www.aesthetic-cosmetic.com\/blog\/wp-json\/wp\/v2\/comments?post=191"}],"version-history":[{"count":6,"href":"https:\/\/www.aesthetic-cosmetic.com\/blog\/wp-json\/wp\/v2\/posts\/191\/revisions"}],"predecessor-version":[{"id":198,"href":"https:\/\/www.aesthetic-cosmetic.com\/blog\/wp-json\/wp\/v2\/posts\/191\/revisions\/198"}],"wp:attachment":[{"href":"https:\/\/www.aesthetic-cosmetic.com\/blog\/wp-json\/wp\/v2\/media?parent=191"}],"wp:term":[{"taxonomy":"category","embeddable":true,"href":"https:\/\/www.aesthetic-cosmetic.com\/blog\/wp-json\/wp\/v2\/categories?post=191"},{"taxonomy":"post_tag","embeddable":true,"href":"https:\/\/www.aesthetic-cosmetic.com\/blog\/wp-json\/wp\/v2\/tags?post=191"}],"curies":[{"name":"wp","href":"https:\/\/api.w.org\/{rel}","templated":true}]}}