{"id":1904,"date":"2017-09-20T17:39:32","date_gmt":"2017-09-20T15:39:32","guid":{"rendered":"http:\/\/www.aesthetic-cosmetic.com\/blog\/?p=1904"},"modified":"2017-09-20T17:41:56","modified_gmt":"2017-09-20T15:41:56","slug":"med-fusspfleger-made-by-ac","status":"publish","type":"post","link":"https:\/\/www.aesthetic-cosmetic.com\/blog\/2017\/09\/med-fusspfleger-made-by-ac\/","title":{"rendered":"med. Fu\u00dfpfleger, made by a+c"},"content":{"rendered":"<p>&#8222;Lernen durch meine H\u00e4nde, meine Augen und meine Haut, das Gehirn wird es positiv aufnehmen.&#8220;<\/p>\n<p>10 Teilnehmer haben diese Aufforderung in die Tat umgesetzt und das <a href=\"http:\/\/www.aesthetic-cosmetic.com\/fusspflege.html\"><strong>Seminar in med. Fu\u00dfpflege<\/strong><\/a> in Angriff genommen.<\/p>\n<p><img loading=\"lazy\" decoding=\"async\" class=\"aligncenter wp-image-1907 size-large\" src=\"https:\/\/www.aesthetic-cosmetic.com\/blog\/wp-content\/uploads\/2017\/09\/P1000553-60-1024x768.jpg\" alt=\"P1000553-60%\" width=\"450\" height=\"338\" srcset=\"https:\/\/www.aesthetic-cosmetic.com\/blog\/wp-content\/uploads\/2017\/09\/P1000553-60-1024x768.jpg 1024w, https:\/\/www.aesthetic-cosmetic.com\/blog\/wp-content\/uploads\/2017\/09\/P1000553-60-300x225.jpg 300w, https:\/\/www.aesthetic-cosmetic.com\/blog\/wp-content\/uploads\/2017\/09\/P1000553-60-768x576.jpg 768w\" sizes=\"auto, (max-width: 450px) 100vw, 450px\" \/><\/p>\n<p>Wir gratulieren allen zum erfolgreichen Abschluss! Egal, ob Sie damit Ihre bisherige T\u00e4tigkeit erg\u00e4nzen oder den Schritt in die Selbstst\u00e4ndigkeit wagen m\u00f6chten, Sie haben den richtigen Weg gew\u00e4hlt.<\/p>\n<p><img loading=\"lazy\" decoding=\"async\" class=\"aligncenter wp-image-1906\" src=\"https:\/\/www.aesthetic-cosmetic.com\/blog\/wp-content\/uploads\/2017\/09\/P1000556-60-300x225.jpg\" alt=\"P1000556-60%\" width=\"439\" height=\"329\" srcset=\"https:\/\/www.aesthetic-cosmetic.com\/blog\/wp-content\/uploads\/2017\/09\/P1000556-60-300x225.jpg 300w, https:\/\/www.aesthetic-cosmetic.com\/blog\/wp-content\/uploads\/2017\/09\/P1000556-60-768x576.jpg 768w, https:\/\/www.aesthetic-cosmetic.com\/blog\/wp-content\/uploads\/2017\/09\/P1000556-60-1024x768.jpg 1024w\" sizes=\"auto, (max-width: 439px) 100vw, 439px\" \/><\/p>\n","protected":false},"excerpt":{"rendered":"<p>&#8222;Lernen durch meine H\u00e4nde, meine Augen und meine Haut, das Gehirn wird es positiv aufnehmen.&#8220; 10 Teilnehmer haben diese Aufforderung in die Tat umgesetzt und das Seminar in med. Fu\u00dfpflege in Angriff genommen. Wir gratulieren allen zum erfolgreichen Abschluss! Egal, ob Sie damit Ihre bisherige T\u00e4tigkeit erg\u00e4nzen oder den Schritt in die Selbstst\u00e4ndigkeit wagen m\u00f6chten, [&hellip;]<\/p>\n","protected":false},"author":1,"featured_media":0,"comment_status":"open","ping_status":"open","sticky":false,"template":"","format":"standard","meta":{"footnotes":""},"categories":[1,41,61],"tags":[],"class_list":["post-1904","post","type-post","status-publish","format-standard","hentry","category-allgemein","category-ausbildung","category-fuspflege"],"_links":{"self":[{"href":"https:\/\/www.aesthetic-cosmetic.com\/blog\/wp-json\/wp\/v2\/posts\/1904","targetHints":{"allow":["GET"]}}],"collection":[{"href":"https:\/\/www.aesthetic-cosmetic.com\/blog\/wp-json\/wp\/v2\/posts"}],"about":[{"href":"https:\/\/www.aesthetic-cosmetic.com\/blog\/wp-json\/wp\/v2\/types\/post"}],"author":[{"embeddable":true,"href":"https:\/\/www.aesthetic-cosmetic.com\/blog\/wp-json\/wp\/v2\/users\/1"}],"replies":[{"embeddable":true,"href":"https:\/\/www.aesthetic-cosmetic.com\/blog\/wp-json\/wp\/v2\/comments?post=1904"}],"version-history":[{"count":3,"href":"https:\/\/www.aesthetic-cosmetic.com\/blog\/wp-json\/wp\/v2\/posts\/1904\/revisions"}],"predecessor-version":[{"id":1910,"href":"https:\/\/www.aesthetic-cosmetic.com\/blog\/wp-json\/wp\/v2\/posts\/1904\/revisions\/1910"}],"wp:attachment":[{"href":"https:\/\/www.aesthetic-cosmetic.com\/blog\/wp-json\/wp\/v2\/media?parent=1904"}],"wp:term":[{"taxonomy":"category","embeddable":true,"href":"https:\/\/www.aesthetic-cosmetic.com\/blog\/wp-json\/wp\/v2\/categories?post=1904"},{"taxonomy":"post_tag","embeddable":true,"href":"https:\/\/www.aesthetic-cosmetic.com\/blog\/wp-json\/wp\/v2\/tags?post=1904"}],"curies":[{"name":"wp","href":"https:\/\/api.w.org\/{rel}","templated":true}]}}