{"id":1880,"date":"2017-07-11T19:12:01","date_gmt":"2017-07-11T17:12:01","guid":{"rendered":"http:\/\/www.aesthetic-cosmetic.com\/blog\/?p=1880"},"modified":"2017-07-11T19:14:30","modified_gmt":"2017-07-11T17:14:30","slug":"frisch-ausgebildete-kosmetikerinnen","status":"publish","type":"post","link":"https:\/\/www.aesthetic-cosmetic.com\/blog\/2017\/07\/frisch-ausgebildete-kosmetikerinnen\/","title":{"rendered":"Frisch ausgebildete Kosmetikerinnen!"},"content":{"rendered":"<p><strong>&#8222;Ein Drittel der menschlichen Sch\u00f6nheit ist Natur, zwei Drittel sind Aufmachung!&#8220;<\/strong><\/p>\n<p>Diese alte asiatische Weisheit haben wir uns vor etwa einem Jahr zu Herzen genommen und den nebenberuflichen <a href=\"http:\/\/www.aesthetic-cosmetic.com\/ausbildung-zur-kosmetikerin-kosmetikschule-bei-freiburg.html\"><strong>Lehrgang zur Kosmetikerin<\/strong><\/a>, bestehend aus Fernlehrgang oder e-Learning und Praxisanteil, in Angriff genommen. Heute d\u00fcrfen wir uns als &#8222;frischgebackene&#8220; Kosmetikerinnen freuen.<\/p>\n<p><a href=\"https:\/\/www.aesthetic-cosmetic.com\/blog\/wp-content\/uploads\/2017\/07\/P1000549-20.jpg\" rel=\"attachment wp-att-1881\"><img loading=\"lazy\" decoding=\"async\" class=\" wp-image-1881 aligncenter\" src=\"https:\/\/www.aesthetic-cosmetic.com\/blog\/wp-content\/uploads\/2017\/07\/P1000549-20.jpg\" alt=\"P1000549-20%\" width=\"451\" height=\"339\" srcset=\"https:\/\/www.aesthetic-cosmetic.com\/blog\/wp-content\/uploads\/2017\/07\/P1000549-20.jpg 933w, https:\/\/www.aesthetic-cosmetic.com\/blog\/wp-content\/uploads\/2017\/07\/P1000549-20-300x225.jpg 300w, https:\/\/www.aesthetic-cosmetic.com\/blog\/wp-content\/uploads\/2017\/07\/P1000549-20-768x576.jpg 768w\" sizes=\"auto, (max-width: 451px) 100vw, 451px\" \/><\/a><\/p>\n<p>Herzlichen Gl\u00fcckwunsch von<a href=\"http:\/\/www.aesthetic-cosmetic.com\/\"><strong> aesthetic + cosmetic<\/strong><\/a> und viel Erfolg!<\/p>\n<p>Vielen Dank auch f\u00fcr die gr\u00fcndliche Praxisleitung durch Justyna Hoinza. Sie ist mitverantwortlich f\u00fcr die ausgezeichneten Ergebnisse.<\/p>\n","protected":false},"excerpt":{"rendered":"<p>&#8222;Ein Drittel der menschlichen Sch\u00f6nheit ist Natur, zwei Drittel sind Aufmachung!&#8220; Diese alte asiatische Weisheit haben wir uns vor etwa einem Jahr zu Herzen genommen und den nebenberuflichen Lehrgang zur Kosmetikerin, bestehend aus Fernlehrgang oder e-Learning und Praxisanteil, in Angriff genommen. Heute d\u00fcrfen wir uns als &#8222;frischgebackene&#8220; Kosmetikerinnen freuen. Herzlichen Gl\u00fcckwunsch von aesthetic + cosmetic [&hellip;]<\/p>\n","protected":false},"author":1,"featured_media":0,"comment_status":"open","ping_status":"open","sticky":false,"template":"","format":"standard","meta":{"footnotes":""},"categories":[1,41,3,42,7,27,13],"tags":[],"class_list":["post-1880","post","type-post","status-publish","format-standard","hentry","category-allgemein","category-ausbildung","category-fernunterricht","category-kosmetik","category-kosmetikerin","category-kurseseminare","category-wellness"],"_links":{"self":[{"href":"https:\/\/www.aesthetic-cosmetic.com\/blog\/wp-json\/wp\/v2\/posts\/1880","targetHints":{"allow":["GET"]}}],"collection":[{"href":"https:\/\/www.aesthetic-cosmetic.com\/blog\/wp-json\/wp\/v2\/posts"}],"about":[{"href":"https:\/\/www.aesthetic-cosmetic.com\/blog\/wp-json\/wp\/v2\/types\/post"}],"author":[{"embeddable":true,"href":"https:\/\/www.aesthetic-cosmetic.com\/blog\/wp-json\/wp\/v2\/users\/1"}],"replies":[{"embeddable":true,"href":"https:\/\/www.aesthetic-cosmetic.com\/blog\/wp-json\/wp\/v2\/comments?post=1880"}],"version-history":[{"count":5,"href":"https:\/\/www.aesthetic-cosmetic.com\/blog\/wp-json\/wp\/v2\/posts\/1880\/revisions"}],"predecessor-version":[{"id":1886,"href":"https:\/\/www.aesthetic-cosmetic.com\/blog\/wp-json\/wp\/v2\/posts\/1880\/revisions\/1886"}],"wp:attachment":[{"href":"https:\/\/www.aesthetic-cosmetic.com\/blog\/wp-json\/wp\/v2\/media?parent=1880"}],"wp:term":[{"taxonomy":"category","embeddable":true,"href":"https:\/\/www.aesthetic-cosmetic.com\/blog\/wp-json\/wp\/v2\/categories?post=1880"},{"taxonomy":"post_tag","embeddable":true,"href":"https:\/\/www.aesthetic-cosmetic.com\/blog\/wp-json\/wp\/v2\/tags?post=1880"}],"curies":[{"name":"wp","href":"https:\/\/api.w.org\/{rel}","templated":true}]}}