{"id":1876,"date":"2017-06-27T20:16:17","date_gmt":"2017-06-27T18:16:17","guid":{"rendered":"http:\/\/www.aesthetic-cosmetic.com\/blog\/?p=1876"},"modified":"2017-06-27T20:16:17","modified_gmt":"2017-06-27T18:16:17","slug":"neue-fachwirte-fuer-wellness-und-beauty","status":"publish","type":"post","link":"https:\/\/www.aesthetic-cosmetic.com\/blog\/2017\/06\/neue-fachwirte-fuer-wellness-und-beauty\/","title":{"rendered":"Neue Fachwirte f\u00fcr Wellness und Beauty!"},"content":{"rendered":"<p>&nbsp;<\/p>\n<p>14 Monate mediengest\u00fctztes Lernen in \u00d6konomie, Management und Marketing in der Wellness- und Beautybranche und die Teilnehmer am einzigen Lehrgang dieser Art in ganz Deutschland, durchgef\u00fchrt von der IHK Hochrhein-Bodensee in Zusammenarbeit mit aesthetic + cosmetic, haben es fast geschafft.<\/p>\n<p>&nbsp;<\/p>\n<p><a href=\"https:\/\/www.aesthetic-cosmetic.com\/blog\/wp-content\/uploads\/2017\/06\/P1000539-60.jpg\" rel=\"attachment wp-att-1877\"><img loading=\"lazy\" decoding=\"async\" class=\"size-large wp-image-1877 aligncenter\" src=\"https:\/\/www.aesthetic-cosmetic.com\/blog\/wp-content\/uploads\/2017\/06\/P1000539-60-1024x815.jpg\" alt=\"P1000539-60%\" width=\"450\" height=\"358\" srcset=\"https:\/\/www.aesthetic-cosmetic.com\/blog\/wp-content\/uploads\/2017\/06\/P1000539-60-1024x815.jpg 1024w, https:\/\/www.aesthetic-cosmetic.com\/blog\/wp-content\/uploads\/2017\/06\/P1000539-60-300x239.jpg 300w, https:\/\/www.aesthetic-cosmetic.com\/blog\/wp-content\/uploads\/2017\/06\/P1000539-60-768x611.jpg 768w, https:\/\/www.aesthetic-cosmetic.com\/blog\/wp-content\/uploads\/2017\/06\/P1000539-60.jpg 1973w\" sizes=\"auto, (max-width: 450px) 100vw, 450px\" \/><\/a><\/p>\n<p>Die m\u00fcndliche Pr\u00fcfung ist erfolgreich absolviert, die Ergebnisse der schriftlichen Examen werden in den n\u00e4chsten Wochen bekanntgegeben.<\/p>\n<p>Wir dr\u00fccken die Daumen f\u00fcr ausgezeichnete Abschl\u00fcsse und einen erfolgreichen Aufstieg innerhalb der Karriereleiter.<\/p>\n","protected":false},"excerpt":{"rendered":"<p>&nbsp; 14 Monate mediengest\u00fctztes Lernen in \u00d6konomie, Management und Marketing in der Wellness- und Beautybranche und die Teilnehmer am einzigen Lehrgang dieser Art in ganz Deutschland, durchgef\u00fchrt von der IHK Hochrhein-Bodensee in Zusammenarbeit mit aesthetic + cosmetic, haben es fast geschafft. &nbsp; Die m\u00fcndliche Pr\u00fcfung ist erfolgreich absolviert, die Ergebnisse der schriftlichen Examen werden in [&hellip;]<\/p>\n","protected":false},"author":1,"featured_media":0,"comment_status":"open","ping_status":"open","sticky":false,"template":"","format":"standard","meta":{"footnotes":""},"categories":[1,41,3,42,27,13],"tags":[],"class_list":["post-1876","post","type-post","status-publish","format-standard","hentry","category-allgemein","category-ausbildung","category-fernunterricht","category-kosmetik","category-kurseseminare","category-wellness"],"_links":{"self":[{"href":"https:\/\/www.aesthetic-cosmetic.com\/blog\/wp-json\/wp\/v2\/posts\/1876","targetHints":{"allow":["GET"]}}],"collection":[{"href":"https:\/\/www.aesthetic-cosmetic.com\/blog\/wp-json\/wp\/v2\/posts"}],"about":[{"href":"https:\/\/www.aesthetic-cosmetic.com\/blog\/wp-json\/wp\/v2\/types\/post"}],"author":[{"embeddable":true,"href":"https:\/\/www.aesthetic-cosmetic.com\/blog\/wp-json\/wp\/v2\/users\/1"}],"replies":[{"embeddable":true,"href":"https:\/\/www.aesthetic-cosmetic.com\/blog\/wp-json\/wp\/v2\/comments?post=1876"}],"version-history":[{"count":1,"href":"https:\/\/www.aesthetic-cosmetic.com\/blog\/wp-json\/wp\/v2\/posts\/1876\/revisions"}],"predecessor-version":[{"id":1878,"href":"https:\/\/www.aesthetic-cosmetic.com\/blog\/wp-json\/wp\/v2\/posts\/1876\/revisions\/1878"}],"wp:attachment":[{"href":"https:\/\/www.aesthetic-cosmetic.com\/blog\/wp-json\/wp\/v2\/media?parent=1876"}],"wp:term":[{"taxonomy":"category","embeddable":true,"href":"https:\/\/www.aesthetic-cosmetic.com\/blog\/wp-json\/wp\/v2\/categories?post=1876"},{"taxonomy":"post_tag","embeddable":true,"href":"https:\/\/www.aesthetic-cosmetic.com\/blog\/wp-json\/wp\/v2\/tags?post=1876"}],"curies":[{"name":"wp","href":"https:\/\/api.w.org\/{rel}","templated":true}]}}