{"id":1858,"date":"2017-03-09T17:10:03","date_gmt":"2017-03-09T15:10:03","guid":{"rendered":"http:\/\/www.aesthetic-cosmetic.com\/blog\/?p=1858"},"modified":"2017-03-09T17:10:03","modified_gmt":"2017-03-09T15:10:03","slug":"bundesweiter-fernstudientag-10-03-2017-kosmetik-und-wellness-fernlehrgaenge-zum-sonderpreis","status":"publish","type":"post","link":"https:\/\/www.aesthetic-cosmetic.com\/blog\/2017\/03\/bundesweiter-fernstudientag-10-03-2017-kosmetik-und-wellness-fernlehrgaenge-zum-sonderpreis\/","title":{"rendered":"Bundesweiter Fernstudientag 10.03.2017: Kosmetik- und Wellness-Fernlehrg\u00e4nge zum Sonderpreis!"},"content":{"rendered":"<p>Heute, am Freitag, den 10. M\u00e4rz 2017, findet der bundesweite Fernstudientag statt.<\/p>\n<p>Bei heutiger Anmeldung zu einem oder mehreren Fernlehrg\u00e4ngen bzw. e-Learnings bis 24.00 Uhr erhalten Sie einen <strong>Bonus \u00fcber 15<\/strong> %:<\/p>\n<ul>\n<li><a href=\"http:\/\/www.aesthetic-cosmetic.com\/ausbildung-zur-kosmetikerin-kosmetikschule-bei-freiburg.html\">Kosmetikerin<\/a><\/li>\n<li><a href=\"http:\/\/www.aesthetic-cosmetic.com\/depiladora-gepruefte-depiladora.html\">Depiladora<\/a><\/li>\n<li><a href=\"http:\/\/www.aesthetic-cosmetic.com\/make-up-fachfrau-mann-visagist-in.html\">Make-up Fachfrau\/mann, Food Coach<\/a><\/li>\n<li><a href=\"http:\/\/www.aesthetic-cosmetic.com\/wellness-und-beauty-fachfrau.html\">Wellness + Beauty Fachfrau\/mann<\/a><\/li>\n<li><a href=\"http:\/\/www.aesthetic-cosmetic.com\/ernaehrungs-fachfrau-mann-food-coach.html\">Ern\u00e4hrungs-Fachfrau\/mann, Food Coach<\/a><\/li>\n<li><a href=\"http:\/\/www.aesthetic-cosmetic.com\/fachberaterin-fuer-kosmetik.html\">Fachberater\/in f\u00fcr Kosmetik<\/a><\/li>\n<li><a href=\"http:\/\/www.aesthetic-cosmetic.com\/aktiver-kosmetikverkauf-verkauf-kosmetik.html\">Erfolgreicher aktiver Kosmetikverkauf<\/a><\/li>\n<li><a href=\"http:\/\/www.aesthetic-cosmetic.com\/farb-stil-und-imageberater-in.html\">Farb, Stil und Imageberater\/in<\/a><\/li>\n<\/ul>\n<p><a href=\"https:\/\/www.aesthetic-cosmetic.com\/blog\/wp-content\/uploads\/2016\/02\/Managerin_id1743091.jpg\" rel=\"attachment wp-att-1650\"><img loading=\"lazy\" decoding=\"async\" class=\"aligncenter  wp-image-1650\" src=\"https:\/\/www.aesthetic-cosmetic.com\/blog\/wp-content\/uploads\/2016\/02\/Managerin_id1743091-300x200.jpg\" alt=\"Managerin_id1743091\" width=\"464\" height=\"309\" srcset=\"https:\/\/www.aesthetic-cosmetic.com\/blog\/wp-content\/uploads\/2016\/02\/Managerin_id1743091-300x200.jpg 300w, https:\/\/www.aesthetic-cosmetic.com\/blog\/wp-content\/uploads\/2016\/02\/Managerin_id1743091-768x512.jpg 768w, https:\/\/www.aesthetic-cosmetic.com\/blog\/wp-content\/uploads\/2016\/02\/Managerin_id1743091-1024x682.jpg 1024w, https:\/\/www.aesthetic-cosmetic.com\/blog\/wp-content\/uploads\/2016\/02\/Managerin_id1743091.jpg 1697w\" sizes=\"auto, (max-width: 464px) 100vw, 464px\" \/><\/a><\/p>\n<p>&nbsp;<\/p>\n<p><strong>Individuelle finanzielle F\u00f6rderung<\/strong><\/p>\n<p>Dar\u00fcber hinaus beraten wir Sie heute \u00fcber m\u00f6gliche finanzielle F\u00f6rderung bzw. Unterst\u00fctzung bei entsprechenden Voraussetzungen.<\/p>\n<p>Sie erreichen uns:<\/p>\n<ul>\n<li>telefonisch unter 07668 99512-0 von 8.00 Uhr bis 19.00 Uhr<\/li>\n<li>pers\u00f6nlich von 18.00 Uhr bis 19.30 Uhr.<\/li>\n<\/ul>\n<p>Hinweis: Die o.a. 15-%-ige F\u00f6rderung und eventuell zu vereinbarende, individuelle finanzielle F\u00f6rderung von unserer Seite bezieht sich ausschlie\u00dflich auf die von uns angebotenen Fernlehrg\u00e4nge und e-Learning-Programme und ist nicht mit anderen F\u00f6rderprogrammen, z.B. l\u00e4nderbezogenen, staatlichen oder EU-Hilfen, sowie unseren Sonderangeboten oder Sondervereinbarungen kombinierbar.<\/p>\n","protected":false},"excerpt":{"rendered":"<p>Heute, am Freitag, den 10. M\u00e4rz 2017, findet der bundesweite Fernstudientag statt. Bei heutiger Anmeldung zu einem oder mehreren Fernlehrg\u00e4ngen bzw. e-Learnings bis 24.00 Uhr erhalten Sie einen Bonus \u00fcber 15 %: Kosmetikerin Depiladora Make-up Fachfrau\/mann, Food Coach Wellness + Beauty Fachfrau\/mann Ern\u00e4hrungs-Fachfrau\/mann, Food Coach Fachberater\/in f\u00fcr Kosmetik Erfolgreicher aktiver Kosmetikverkauf Farb, Stil und Imageberater\/in [&hellip;]<\/p>\n","protected":false},"author":2,"featured_media":0,"comment_status":"open","ping_status":"open","sticky":false,"template":"","format":"standard","meta":{"footnotes":""},"categories":[1,41,72,57,3,42,7,27,59,13],"tags":[],"class_list":["post-1858","post","type-post","status-publish","format-standard","hentry","category-allgemein","category-ausbildung","category-depiladora","category-ernahrungs-fachfrau","category-fernunterricht","category-kosmetik","category-kosmetikerin","category-kurseseminare","category-visagismus-make-up","category-wellness"],"_links":{"self":[{"href":"https:\/\/www.aesthetic-cosmetic.com\/blog\/wp-json\/wp\/v2\/posts\/1858","targetHints":{"allow":["GET"]}}],"collection":[{"href":"https:\/\/www.aesthetic-cosmetic.com\/blog\/wp-json\/wp\/v2\/posts"}],"about":[{"href":"https:\/\/www.aesthetic-cosmetic.com\/blog\/wp-json\/wp\/v2\/types\/post"}],"author":[{"embeddable":true,"href":"https:\/\/www.aesthetic-cosmetic.com\/blog\/wp-json\/wp\/v2\/users\/2"}],"replies":[{"embeddable":true,"href":"https:\/\/www.aesthetic-cosmetic.com\/blog\/wp-json\/wp\/v2\/comments?post=1858"}],"version-history":[{"count":1,"href":"https:\/\/www.aesthetic-cosmetic.com\/blog\/wp-json\/wp\/v2\/posts\/1858\/revisions"}],"predecessor-version":[{"id":1860,"href":"https:\/\/www.aesthetic-cosmetic.com\/blog\/wp-json\/wp\/v2\/posts\/1858\/revisions\/1860"}],"wp:attachment":[{"href":"https:\/\/www.aesthetic-cosmetic.com\/blog\/wp-json\/wp\/v2\/media?parent=1858"}],"wp:term":[{"taxonomy":"category","embeddable":true,"href":"https:\/\/www.aesthetic-cosmetic.com\/blog\/wp-json\/wp\/v2\/categories?post=1858"},{"taxonomy":"post_tag","embeddable":true,"href":"https:\/\/www.aesthetic-cosmetic.com\/blog\/wp-json\/wp\/v2\/tags?post=1858"}],"curies":[{"name":"wp","href":"https:\/\/api.w.org\/{rel}","templated":true}]}}