{"id":1853,"date":"2017-02-18T21:44:05","date_gmt":"2017-02-18T19:44:05","guid":{"rendered":"http:\/\/www.aesthetic-cosmetic.com\/blog\/?p=1853"},"modified":"2017-02-18T21:44:05","modified_gmt":"2017-02-18T19:44:05","slug":"kosmetikerin-werden-4","status":"publish","type":"post","link":"https:\/\/www.aesthetic-cosmetic.com\/blog\/2017\/02\/kosmetikerin-werden-4\/","title":{"rendered":"Kosmetikerin werden &#8230;"},"content":{"rendered":"<p>Finales Training nach einj\u00e4hrigem Fernstudium bzw. e-Learning und Pr\u00e4senzphase mit Justyna.<\/p>\n<p><a href=\"https:\/\/www.aesthetic-cosmetic.com\/blog\/wp-content\/uploads\/2017\/02\/P1000489.jpg\" rel=\"attachment wp-att-1855\"><img loading=\"lazy\" decoding=\"async\" class=\"wp-image-1855 aligncenter\" src=\"https:\/\/www.aesthetic-cosmetic.com\/blog\/wp-content\/uploads\/2017\/02\/P1000489-300x119.jpg\" alt=\"P1000489\" width=\"449\" height=\"178\" srcset=\"https:\/\/www.aesthetic-cosmetic.com\/blog\/wp-content\/uploads\/2017\/02\/P1000489-300x119.jpg 300w, https:\/\/www.aesthetic-cosmetic.com\/blog\/wp-content\/uploads\/2017\/02\/P1000489-768x304.jpg 768w, https:\/\/www.aesthetic-cosmetic.com\/blog\/wp-content\/uploads\/2017\/02\/P1000489-1024x406.jpg 1024w\" sizes=\"auto, (max-width: 449px) 100vw, 449px\" \/><\/a><\/p>\n<p>Die <a href=\"http:\/\/www.aesthetic-cosmetic.com\/ausbildung-zur-kosmetikerin-kosmetikschule-bei-freiburg.html\"><strong>Ausbildung zur Kosmetikerin<\/strong><\/a> ist geschafft!!!<\/p>\n<p style=\"text-align: center;\"><a href=\"https:\/\/www.aesthetic-cosmetic.com\/blog\/wp-content\/uploads\/2017\/02\/P1000492.jpg\" rel=\"attachment wp-att-1854\"><img loading=\"lazy\" decoding=\"async\" class=\"aligncenter  wp-image-1854\" src=\"https:\/\/www.aesthetic-cosmetic.com\/blog\/wp-content\/uploads\/2017\/02\/P1000492-300x225.jpg\" alt=\"P1000492\" width=\"430\" height=\"323\" srcset=\"https:\/\/www.aesthetic-cosmetic.com\/blog\/wp-content\/uploads\/2017\/02\/P1000492-300x225.jpg 300w, https:\/\/www.aesthetic-cosmetic.com\/blog\/wp-content\/uploads\/2017\/02\/P1000492-768x576.jpg 768w, https:\/\/www.aesthetic-cosmetic.com\/blog\/wp-content\/uploads\/2017\/02\/P1000492-1024x768.jpg 1024w\" sizes=\"auto, (max-width: 430px) 100vw, 430px\" \/><\/a><\/p>\n<p>Herzlichen Gl\u00fcckwunsch!<\/p>\n<p>Wusstest Du, dass Du bei uns jederzeit in das Programm &#8222;<a href=\"http:\/\/www.aesthetic-cosmetic.com\/ausbildung-zur-kosmetikerin-kosmetikschule-bei-freiburg.html\"><strong>Kosmetikerin werden<\/strong><\/a>&#8220; einsteigen und nebenberuflich durchf\u00fchren kannst?<\/p>\n<p>Der staatlich zugelassene, nach der deutschen Qualit\u00e4tsnorm AZAV zertifizierte und durch die Bundesagentur f\u00fcr Arbeit als offizielle Weiterbildungsma\u00dfnahme eingetragene Fernlehrgang mit Pr\u00e4senzphase l\u00e4sst Deine Tr\u00e4ume wahr werden.<\/p>\n","protected":false},"excerpt":{"rendered":"<p>Finales Training nach einj\u00e4hrigem Fernstudium bzw. e-Learning und Pr\u00e4senzphase mit Justyna. Die Ausbildung zur Kosmetikerin ist geschafft!!! Herzlichen Gl\u00fcckwunsch! Wusstest Du, dass Du bei uns jederzeit in das Programm &#8222;Kosmetikerin werden&#8220; einsteigen und nebenberuflich durchf\u00fchren kannst? Der staatlich zugelassene, nach der deutschen Qualit\u00e4tsnorm AZAV zertifizierte und durch die Bundesagentur f\u00fcr Arbeit als offizielle Weiterbildungsma\u00dfnahme eingetragene [&hellip;]<\/p>\n","protected":false},"author":2,"featured_media":0,"comment_status":"open","ping_status":"open","sticky":false,"template":"","format":"standard","meta":{"footnotes":""},"categories":[1,41,3,42,7,27],"tags":[],"class_list":["post-1853","post","type-post","status-publish","format-standard","hentry","category-allgemein","category-ausbildung","category-fernunterricht","category-kosmetik","category-kosmetikerin","category-kurseseminare"],"_links":{"self":[{"href":"https:\/\/www.aesthetic-cosmetic.com\/blog\/wp-json\/wp\/v2\/posts\/1853","targetHints":{"allow":["GET"]}}],"collection":[{"href":"https:\/\/www.aesthetic-cosmetic.com\/blog\/wp-json\/wp\/v2\/posts"}],"about":[{"href":"https:\/\/www.aesthetic-cosmetic.com\/blog\/wp-json\/wp\/v2\/types\/post"}],"author":[{"embeddable":true,"href":"https:\/\/www.aesthetic-cosmetic.com\/blog\/wp-json\/wp\/v2\/users\/2"}],"replies":[{"embeddable":true,"href":"https:\/\/www.aesthetic-cosmetic.com\/blog\/wp-json\/wp\/v2\/comments?post=1853"}],"version-history":[{"count":1,"href":"https:\/\/www.aesthetic-cosmetic.com\/blog\/wp-json\/wp\/v2\/posts\/1853\/revisions"}],"predecessor-version":[{"id":1856,"href":"https:\/\/www.aesthetic-cosmetic.com\/blog\/wp-json\/wp\/v2\/posts\/1853\/revisions\/1856"}],"wp:attachment":[{"href":"https:\/\/www.aesthetic-cosmetic.com\/blog\/wp-json\/wp\/v2\/media?parent=1853"}],"wp:term":[{"taxonomy":"category","embeddable":true,"href":"https:\/\/www.aesthetic-cosmetic.com\/blog\/wp-json\/wp\/v2\/categories?post=1853"},{"taxonomy":"post_tag","embeddable":true,"href":"https:\/\/www.aesthetic-cosmetic.com\/blog\/wp-json\/wp\/v2\/tags?post=1853"}],"curies":[{"name":"wp","href":"https:\/\/api.w.org\/{rel}","templated":true}]}}