{"id":1846,"date":"2017-02-11T10:19:43","date_gmt":"2017-02-11T08:19:43","guid":{"rendered":"http:\/\/www.aesthetic-cosmetic.com\/blog\/?p=1846"},"modified":"2017-02-11T10:23:39","modified_gmt":"2017-02-11T08:23:39","slug":"fusspflegerin-werden","status":"publish","type":"post","link":"https:\/\/www.aesthetic-cosmetic.com\/blog\/2017\/02\/fusspflegerin-werden\/","title":{"rendered":"Fu\u00dfpflegerin werden &#8230;"},"content":{"rendered":"<p>Training, Training, Training &#8230; an Ihringer Modellen: <a href=\"http:\/\/www.aesthetic-cosmetic.com\/fusspflege.html\"><strong>Ausbildung in medizinischer Fu\u00dfpflege<\/strong><\/a> mit Seminarteilnehmern aus Deutschland und der Schweiz, die ihre beruflichen Chancen mit dem Ziel, fr\u00fcher oder sp\u00e4ter selbst\u00e4ndig ein Fu\u00dfpflegeinstitut zu er\u00f6ffnen, wahrmachen.<\/p>\n<p><a href=\"https:\/\/www.aesthetic-cosmetic.com\/blog\/wp-content\/uploads\/2017\/02\/P1000472.jpg\" rel=\"attachment wp-att-1847\"><img loading=\"lazy\" decoding=\"async\" class=\"wp-image-1847 aligncenter\" src=\"https:\/\/www.aesthetic-cosmetic.com\/blog\/wp-content\/uploads\/2017\/02\/P1000472-300x225.jpg\" alt=\"P1000472\" width=\"484\" height=\"363\" srcset=\"https:\/\/www.aesthetic-cosmetic.com\/blog\/wp-content\/uploads\/2017\/02\/P1000472-300x225.jpg 300w, https:\/\/www.aesthetic-cosmetic.com\/blog\/wp-content\/uploads\/2017\/02\/P1000472-768x576.jpg 768w, https:\/\/www.aesthetic-cosmetic.com\/blog\/wp-content\/uploads\/2017\/02\/P1000472-1024x768.jpg 1024w\" sizes=\"auto, (max-width: 484px) 100vw, 484px\" \/><\/a><\/p>\n<p>Wir gratulieren zu ihrem erfolgreichen Abschluss als <a href=\"http:\/\/www.aesthetic-cosmetic.com\/fusspflege.html\"><strong>Fu\u00dfpflegerin<\/strong><\/a> und w\u00fcnschen ihnen viel Erfolg, eine Karriere im gesundheitsvorsorgenden Bereich und der Wohlf\u00fchlpflege.<\/p>\n<p><a href=\"https:\/\/www.aesthetic-cosmetic.com\/blog\/wp-content\/uploads\/2017\/02\/P1000477.jpg\" rel=\"attachment wp-att-1848\"><img loading=\"lazy\" decoding=\"async\" class=\"aligncenter wp-image-1848\" src=\"https:\/\/www.aesthetic-cosmetic.com\/blog\/wp-content\/uploads\/2017\/02\/P1000477-300x225.jpg\" alt=\"P1000477\" width=\"472\" height=\"354\" srcset=\"https:\/\/www.aesthetic-cosmetic.com\/blog\/wp-content\/uploads\/2017\/02\/P1000477-300x225.jpg 300w, https:\/\/www.aesthetic-cosmetic.com\/blog\/wp-content\/uploads\/2017\/02\/P1000477-768x576.jpg 768w, https:\/\/www.aesthetic-cosmetic.com\/blog\/wp-content\/uploads\/2017\/02\/P1000477-1024x768.jpg 1024w\" sizes=\"auto, (max-width: 472px) 100vw, 472px\" \/><\/a><\/p>\n<p>Hast auch Du Interesse an med. Fu\u00dfpflege? Das n\u00e4chste Seminar findet vom 15. bis 19. Mai 2017 statt. Wir empfehlen baldm\u00f6gliche Anmeldung, denn die H\u00e4lfte der Pl\u00e4tze ist bereits ausgebucht. Informationen unter <a href=\"http:\/\/www.aesthetic-cosmetic.com\/fusspflege.html\">www.aesthetic-cosmetic.com<\/a> oder ein pers\u00f6nlicher Anruf unter 07668 99512-0.<\/p>\n","protected":false},"excerpt":{"rendered":"<p>Training, Training, Training &#8230; an Ihringer Modellen: Ausbildung in medizinischer Fu\u00dfpflege mit Seminarteilnehmern aus Deutschland und der Schweiz, die ihre beruflichen Chancen mit dem Ziel, fr\u00fcher oder sp\u00e4ter selbst\u00e4ndig ein Fu\u00dfpflegeinstitut zu er\u00f6ffnen, wahrmachen. Wir gratulieren zu ihrem erfolgreichen Abschluss als Fu\u00dfpflegerin und w\u00fcnschen ihnen viel Erfolg, eine Karriere im gesundheitsvorsorgenden Bereich und der Wohlf\u00fchlpflege. [&hellip;]<\/p>\n","protected":false},"author":2,"featured_media":0,"comment_status":"open","ping_status":"open","sticky":false,"template":"","format":"standard","meta":{"footnotes":""},"categories":[1,61,42,27,13],"tags":[],"class_list":["post-1846","post","type-post","status-publish","format-standard","hentry","category-allgemein","category-fuspflege","category-kosmetik","category-kurseseminare","category-wellness"],"_links":{"self":[{"href":"https:\/\/www.aesthetic-cosmetic.com\/blog\/wp-json\/wp\/v2\/posts\/1846","targetHints":{"allow":["GET"]}}],"collection":[{"href":"https:\/\/www.aesthetic-cosmetic.com\/blog\/wp-json\/wp\/v2\/posts"}],"about":[{"href":"https:\/\/www.aesthetic-cosmetic.com\/blog\/wp-json\/wp\/v2\/types\/post"}],"author":[{"embeddable":true,"href":"https:\/\/www.aesthetic-cosmetic.com\/blog\/wp-json\/wp\/v2\/users\/2"}],"replies":[{"embeddable":true,"href":"https:\/\/www.aesthetic-cosmetic.com\/blog\/wp-json\/wp\/v2\/comments?post=1846"}],"version-history":[{"count":4,"href":"https:\/\/www.aesthetic-cosmetic.com\/blog\/wp-json\/wp\/v2\/posts\/1846\/revisions"}],"predecessor-version":[{"id":1852,"href":"https:\/\/www.aesthetic-cosmetic.com\/blog\/wp-json\/wp\/v2\/posts\/1846\/revisions\/1852"}],"wp:attachment":[{"href":"https:\/\/www.aesthetic-cosmetic.com\/blog\/wp-json\/wp\/v2\/media?parent=1846"}],"wp:term":[{"taxonomy":"category","embeddable":true,"href":"https:\/\/www.aesthetic-cosmetic.com\/blog\/wp-json\/wp\/v2\/categories?post=1846"},{"taxonomy":"post_tag","embeddable":true,"href":"https:\/\/www.aesthetic-cosmetic.com\/blog\/wp-json\/wp\/v2\/tags?post=1846"}],"curies":[{"name":"wp","href":"https:\/\/api.w.org\/{rel}","templated":true}]}}