{"id":1805,"date":"2016-10-22T17:07:49","date_gmt":"2016-10-22T15:07:49","guid":{"rendered":"http:\/\/www.aesthetic-cosmetic.com\/blog\/?p=1805"},"modified":"2016-10-22T17:08:20","modified_gmt":"2016-10-22T15:08:20","slug":"kosmetikerin-werden-3","status":"publish","type":"post","link":"https:\/\/www.aesthetic-cosmetic.com\/blog\/2016\/10\/kosmetikerin-werden-3\/","title":{"rendered":"Kosmetikerin werden &#8230;"},"content":{"rendered":"<p>Unsere &#8222;frischesten&#8220; <a href=\"http:\/\/www.aesthetic-cosmetic.com\/ausbildung-zur-kosmetikerin-kosmetikschule-bei-freiburg.html\"><strong>Kosmetikerinnen<\/strong><\/a> nach einem Jahr Fernunterricht oder e-Learning mit Praxisanteil.<\/p>\n<p>&nbsp;<\/p>\n<p><a href=\"https:\/\/www.aesthetic-cosmetic.com\/blog\/wp-content\/uploads\/2016\/10\/P1000445.jpg\" rel=\"attachment wp-att-1806\"><img loading=\"lazy\" decoding=\"async\" class=\"aligncenter wp-image-1806\" src=\"https:\/\/www.aesthetic-cosmetic.com\/blog\/wp-content\/uploads\/2016\/10\/P1000445-300x225.jpg\" alt=\"p1000445\" width=\"409\" height=\"307\" srcset=\"https:\/\/www.aesthetic-cosmetic.com\/blog\/wp-content\/uploads\/2016\/10\/P1000445-300x225.jpg 300w, https:\/\/www.aesthetic-cosmetic.com\/blog\/wp-content\/uploads\/2016\/10\/P1000445-768x576.jpg 768w, https:\/\/www.aesthetic-cosmetic.com\/blog\/wp-content\/uploads\/2016\/10\/P1000445-1024x768.jpg 1024w\" sizes=\"auto, (max-width: 409px) 100vw, 409px\" \/><\/a><\/p>\n<p>Teilnehmerinnen von Freiburg \u00fcber Oldenburg bis Kiew mit 34 st\u00fcndiger Anreise.<\/p>\n<p>&nbsp;<\/p>\n<p><a href=\"https:\/\/www.aesthetic-cosmetic.com\/blog\/wp-content\/uploads\/2016\/10\/P1000447.jpg\" rel=\"attachment wp-att-1808\"><img loading=\"lazy\" decoding=\"async\" class=\"aligncenter wp-image-1808\" src=\"https:\/\/www.aesthetic-cosmetic.com\/blog\/wp-content\/uploads\/2016\/10\/P1000447-300x225.jpg\" alt=\"p1000447\" width=\"398\" height=\"299\" srcset=\"https:\/\/www.aesthetic-cosmetic.com\/blog\/wp-content\/uploads\/2016\/10\/P1000447-300x225.jpg 300w, https:\/\/www.aesthetic-cosmetic.com\/blog\/wp-content\/uploads\/2016\/10\/P1000447-768x576.jpg 768w, https:\/\/www.aesthetic-cosmetic.com\/blog\/wp-content\/uploads\/2016\/10\/P1000447-1024x768.jpg 1024w\" sizes=\"auto, (max-width: 398px) 100vw, 398px\" \/><\/a><\/p>\n<p>Unser Kompliment und Gratulation zur bestandenen Pr\u00fcfung!<\/p>\n<p>&nbsp;<\/p>\n<p><a href=\"https:\/\/www.aesthetic-cosmetic.com\/blog\/wp-content\/uploads\/2016\/10\/P1000446.jpg\" rel=\"attachment wp-att-1807\"><img loading=\"lazy\" decoding=\"async\" class=\"aligncenter wp-image-1807\" src=\"https:\/\/www.aesthetic-cosmetic.com\/blog\/wp-content\/uploads\/2016\/10\/P1000446-300x225.jpg\" alt=\"p1000446\" width=\"401\" height=\"301\" srcset=\"https:\/\/www.aesthetic-cosmetic.com\/blog\/wp-content\/uploads\/2016\/10\/P1000446-300x225.jpg 300w, https:\/\/www.aesthetic-cosmetic.com\/blog\/wp-content\/uploads\/2016\/10\/P1000446-768x576.jpg 768w, https:\/\/www.aesthetic-cosmetic.com\/blog\/wp-content\/uploads\/2016\/10\/P1000446-1024x768.jpg 1024w\" sizes=\"auto, (max-width: 401px) 100vw, 401px\" \/><\/a><\/p>\n<p><a href=\"http:\/\/www.aesthetic-cosmetic.com\/ausbildung-zur-kosmetikerin-kosmetikschule-bei-freiburg.html\"><strong>Kosmetikerin<\/strong><\/a> sind sie geworden. Jetzt kommt die Umsetzung in die Praxis mit eigenem Institut oder als Angestellte.<\/p>\n<p>Wir w\u00fcnschen viel Erfolg!<\/p>\n<p>&nbsp;<\/p>\n<p>&nbsp;<\/p>\n","protected":false},"excerpt":{"rendered":"<p>Unsere &#8222;frischesten&#8220; Kosmetikerinnen nach einem Jahr Fernunterricht oder e-Learning mit Praxisanteil. &nbsp; Teilnehmerinnen von Freiburg \u00fcber Oldenburg bis Kiew mit 34 st\u00fcndiger Anreise. &nbsp; Unser Kompliment und Gratulation zur bestandenen Pr\u00fcfung! &nbsp; Kosmetikerin sind sie geworden. Jetzt kommt die Umsetzung in die Praxis mit eigenem Institut oder als Angestellte. Wir w\u00fcnschen viel Erfolg! &nbsp; &nbsp;<\/p>\n","protected":false},"author":2,"featured_media":0,"comment_status":"open","ping_status":"open","sticky":false,"template":"","format":"standard","meta":{"footnotes":""},"categories":[1,41,42,7,27,13],"tags":[],"class_list":["post-1805","post","type-post","status-publish","format-standard","hentry","category-allgemein","category-ausbildung","category-kosmetik","category-kosmetikerin","category-kurseseminare","category-wellness"],"_links":{"self":[{"href":"https:\/\/www.aesthetic-cosmetic.com\/blog\/wp-json\/wp\/v2\/posts\/1805","targetHints":{"allow":["GET"]}}],"collection":[{"href":"https:\/\/www.aesthetic-cosmetic.com\/blog\/wp-json\/wp\/v2\/posts"}],"about":[{"href":"https:\/\/www.aesthetic-cosmetic.com\/blog\/wp-json\/wp\/v2\/types\/post"}],"author":[{"embeddable":true,"href":"https:\/\/www.aesthetic-cosmetic.com\/blog\/wp-json\/wp\/v2\/users\/2"}],"replies":[{"embeddable":true,"href":"https:\/\/www.aesthetic-cosmetic.com\/blog\/wp-json\/wp\/v2\/comments?post=1805"}],"version-history":[{"count":1,"href":"https:\/\/www.aesthetic-cosmetic.com\/blog\/wp-json\/wp\/v2\/posts\/1805\/revisions"}],"predecessor-version":[{"id":1809,"href":"https:\/\/www.aesthetic-cosmetic.com\/blog\/wp-json\/wp\/v2\/posts\/1805\/revisions\/1809"}],"wp:attachment":[{"href":"https:\/\/www.aesthetic-cosmetic.com\/blog\/wp-json\/wp\/v2\/media?parent=1805"}],"wp:term":[{"taxonomy":"category","embeddable":true,"href":"https:\/\/www.aesthetic-cosmetic.com\/blog\/wp-json\/wp\/v2\/categories?post=1805"},{"taxonomy":"post_tag","embeddable":true,"href":"https:\/\/www.aesthetic-cosmetic.com\/blog\/wp-json\/wp\/v2\/tags?post=1805"}],"curies":[{"name":"wp","href":"https:\/\/api.w.org\/{rel}","templated":true}]}}