{"id":1780,"date":"2016-09-11T11:01:41","date_gmt":"2016-09-11T09:01:41","guid":{"rendered":"http:\/\/www.aesthetic-cosmetic.com\/blog\/?p=1780"},"modified":"2016-09-11T11:05:07","modified_gmt":"2016-09-11T09:05:07","slug":"sommerblues-zeit-zur-fortbildung","status":"publish","type":"post","link":"https:\/\/www.aesthetic-cosmetic.com\/blog\/2016\/09\/sommerblues-zeit-zur-fortbildung\/","title":{"rendered":"Sommerblues &#8211; Zeit zur Fortbildung"},"content":{"rendered":"<p>Sommerblues &#8211; der Urlaub ist vorbei, unser sch\u00f6ner Sommer verl\u00e4sst uns langsam. Weiterbildung ist angesagt!<\/p>\n<p>Neben unseren neun staatlich zugelassenen <a href=\"http:\/\/www.aesthetic-cosmetic.com\/\"><strong>Fernlehrg\u00e4ngen bzw. e-Learning in Beauty und Wellness<\/strong><\/a>, zu denen Du Dich jederzeit anmelden kannst, f\u00fchren wir in den n\u00e4chsten Wochen folgende ein- bis zweit\u00e4tige Seminare durch, zu denen wir f\u00fcr Schnellentschlossene Sonderangebote anbieten:<\/p>\n<p><a href=\"http:\/\/www.aesthetic-cosmetic.com\/masken-make-up.html\"><strong><span style=\"color: #008000;\">Masken-<\/span><span style=\"color: #ff0000;\">Make-<\/span><span style=\"color: #0000ff;\">Up<\/span><\/strong><\/a><br \/>\nSa\/So, 15.\/16. Oktober 2016<br \/>\n<span style=\"color: #ff0000;\"><strong>280,00 \u20ac<\/strong><\/span> statt 350,00 \u20ac *<br \/>\nNur 3 Pl\u00e4tze zum Sonderpreis zu vergeben!<\/p>\n<p><a href=\"https:\/\/www.aesthetic-cosmetic.com\/blog\/wp-content\/uploads\/2016\/09\/iStock_000001158750_Large.jpg\" rel=\"attachment wp-att-1781\"><img loading=\"lazy\" decoding=\"async\" class=\"wp-image-1781 aligncenter\" src=\"https:\/\/www.aesthetic-cosmetic.com\/blog\/wp-content\/uploads\/2016\/09\/iStock_000001158750_Large-300x200.jpg\" alt=\"istock_000001158750_large\" width=\"439\" height=\"293\" srcset=\"https:\/\/www.aesthetic-cosmetic.com\/blog\/wp-content\/uploads\/2016\/09\/iStock_000001158750_Large-300x200.jpg 300w, https:\/\/www.aesthetic-cosmetic.com\/blog\/wp-content\/uploads\/2016\/09\/iStock_000001158750_Large-768x512.jpg 768w, https:\/\/www.aesthetic-cosmetic.com\/blog\/wp-content\/uploads\/2016\/09\/iStock_000001158750_Large-1024x683.jpg 1024w\" sizes=\"auto, (max-width: 439px) 100vw, 439px\" \/><\/a><\/p>\n<p>&nbsp;<\/p>\n<p><span style=\"color: #800080;\"><strong><a href=\"http:\/\/www.aesthetic-cosmetic.com\/waxing.html\">Waxing<\/a><\/strong><\/span><br \/>\nSa, 1. Oktober 2016<br \/>\n<strong><span style=\"color: #800080;\">152,00 \u20ac<\/span><\/strong> statt 190,00 \u20ac *<br \/>\nNur 3 Pl\u00e4tze zum Sonderpreis zu vergeben!<\/p>\n<p><span style=\"color: #800080;\"><strong><a href=\"http:\/\/www.aesthetic-cosmetic.com\/sugaring-grundkurs.html\">Sugaring<\/a><\/strong><\/span><br \/>\nSo, 2. OKtober 2016<br \/>\n<strong><span style=\"color: #800080;\">152,00 \u20ac<\/span><\/strong> statt 190,00 \u20ac *<br \/>\nNur 2 Pl\u00e4tze zum Sonderpreis zu vergeben!<\/p>\n<p>* Die 20-%-Specials sind aussschlie\u00dflich f\u00fcr die angegebenen freien Pl\u00e4tze g\u00fcltig und k\u00f6nnen nicht mit anderen Sonderangeboten und Sonderpreisen kombiniert werden.<br \/>\nBei den Preisen handelt es sich um Nettopreise f\u00fcr unsere Fernunterrichtsteilnehmer bzw. Teilnehmer an den e-Learning-Programmen. Bei anderweitigen Teilnehmern wird die Mehrwertsteuer \u00fcber 19 % hinzugef\u00fcgt:<br \/>\nMasken-Make-up: 280,00 \u20ac netto, 333,20 \u20ac inkl. MwSt.<br \/>\nWaxing oder Sugaring: 152,00 \u20ac netto, 180,88 \u20ac inkl. MwSt.<\/p>\n","protected":false},"excerpt":{"rendered":"<p>Sommerblues &#8211; der Urlaub ist vorbei, unser sch\u00f6ner Sommer verl\u00e4sst uns langsam. Weiterbildung ist angesagt! Neben unseren neun staatlich zugelassenen Fernlehrg\u00e4ngen bzw. e-Learning in Beauty und Wellness, zu denen Du Dich jederzeit anmelden kannst, f\u00fchren wir in den n\u00e4chsten Wochen folgende ein- bis zweit\u00e4tige Seminare durch, zu denen wir f\u00fcr Schnellentschlossene Sonderangebote anbieten: Masken-Make-Up Sa\/So, [&hellip;]<\/p>\n","protected":false},"author":2,"featured_media":0,"comment_status":"open","ping_status":"open","sticky":false,"template":"","format":"standard","meta":{"footnotes":""},"categories":[1,41,3,42,27,64,59],"tags":[],"class_list":["post-1780","post","type-post","status-publish","format-standard","hentry","category-allgemein","category-ausbildung","category-fernunterricht","category-kosmetik","category-kurseseminare","category-shireen","category-visagismus-make-up"],"_links":{"self":[{"href":"https:\/\/www.aesthetic-cosmetic.com\/blog\/wp-json\/wp\/v2\/posts\/1780","targetHints":{"allow":["GET"]}}],"collection":[{"href":"https:\/\/www.aesthetic-cosmetic.com\/blog\/wp-json\/wp\/v2\/posts"}],"about":[{"href":"https:\/\/www.aesthetic-cosmetic.com\/blog\/wp-json\/wp\/v2\/types\/post"}],"author":[{"embeddable":true,"href":"https:\/\/www.aesthetic-cosmetic.com\/blog\/wp-json\/wp\/v2\/users\/2"}],"replies":[{"embeddable":true,"href":"https:\/\/www.aesthetic-cosmetic.com\/blog\/wp-json\/wp\/v2\/comments?post=1780"}],"version-history":[{"count":5,"href":"https:\/\/www.aesthetic-cosmetic.com\/blog\/wp-json\/wp\/v2\/posts\/1780\/revisions"}],"predecessor-version":[{"id":1786,"href":"https:\/\/www.aesthetic-cosmetic.com\/blog\/wp-json\/wp\/v2\/posts\/1780\/revisions\/1786"}],"wp:attachment":[{"href":"https:\/\/www.aesthetic-cosmetic.com\/blog\/wp-json\/wp\/v2\/media?parent=1780"}],"wp:term":[{"taxonomy":"category","embeddable":true,"href":"https:\/\/www.aesthetic-cosmetic.com\/blog\/wp-json\/wp\/v2\/categories?post=1780"},{"taxonomy":"post_tag","embeddable":true,"href":"https:\/\/www.aesthetic-cosmetic.com\/blog\/wp-json\/wp\/v2\/tags?post=1780"}],"curies":[{"name":"wp","href":"https:\/\/api.w.org\/{rel}","templated":true}]}}