{"id":1766,"date":"2016-09-04T16:55:51","date_gmt":"2016-09-04T14:55:51","guid":{"rendered":"http:\/\/www.aesthetic-cosmetic.com\/blog\/?p=1766"},"modified":"2016-09-04T16:58:47","modified_gmt":"2016-09-04T14:58:47","slug":"1986-2016-ac","status":"publish","type":"post","link":"https:\/\/www.aesthetic-cosmetic.com\/blog\/2016\/09\/1986-2016-ac\/","title":{"rendered":"1986 &#8211; 2016 a+c"},"content":{"rendered":"<p>September vor 30 Jahren wurde unsere GmbH gegr\u00fcndet und Oktober 1986 er\u00f6ffneten wir die ersten Gesch\u00e4ftsr\u00e4ume in der Bismarckstra\u00dfe in Waldshut-Tiengen.<\/p>\n<p>Begonnen hat unsere <a href=\"http:\/\/www.aesthetic-cosmetic.com\/\"><strong>Kosmetikschule<\/strong><\/a> mit dem <a href=\"http:\/\/www.aesthetic-cosmetic.com\/ausbildung-zur-kosmetikerin-kosmetikschule-bei-freiburg.html\"><strong>Fernlehrgang zur Kosmetikerin<\/strong><\/a> mit Praxisanteilen. Schon damals besa\u00dfen wir die staatliche Zulassung. &#8222;Junggeblieben&#8220; haben wir den <a href=\"http:\/\/www.aesthetic-cosmetic.com\/ausbildung-zur-kosmetikerin-kosmetikschule-bei-freiburg.html\"><strong>Kosmetikerin-Fernlehrgang<\/strong><\/a> um weitere 8 Fernstudieng\u00e4nge erweitert, viele Seminare hinzugef\u00fcgt und das Tochterunternehmen <a href=\"http:\/\/www.shop.depilation.de\/\"><strong>www.depilation.de<\/strong><\/a> mit dem Verkauf kosmetischer Produkte gegr\u00fcndet. Zwischenzeitlich sind wir dreimal umgezogen und unsere neuen Gesch\u00e4ftsr\u00e4ume befinden sich schon seit \u00fcber 8 Jahren in Ihringen bei Freiburg i.Br.<\/p>\n<p><a href=\"https:\/\/www.aesthetic-cosmetic.com\/blog\/wp-content\/uploads\/2016\/09\/ac-Innen5.jpg\" rel=\"attachment wp-att-1768\"><img loading=\"lazy\" decoding=\"async\" class=\"aligncenter wp-image-1768\" src=\"https:\/\/www.aesthetic-cosmetic.com\/blog\/wp-content\/uploads\/2016\/09\/ac-Innen5-300x225.jpg\" alt=\"a+c-Innen5\" width=\"495\" height=\"371\" srcset=\"https:\/\/www.aesthetic-cosmetic.com\/blog\/wp-content\/uploads\/2016\/09\/ac-Innen5-300x225.jpg 300w, https:\/\/www.aesthetic-cosmetic.com\/blog\/wp-content\/uploads\/2016\/09\/ac-Innen5-768x576.jpg 768w, https:\/\/www.aesthetic-cosmetic.com\/blog\/wp-content\/uploads\/2016\/09\/ac-Innen5-1024x768.jpg 1024w\" sizes=\"auto, (max-width: 495px) 100vw, 495px\" \/><\/a><\/p>\n<p>Merken Sie sich Dienstag, den 25. Oktober 2016, vor. Wir feiern an diesem Tag virtuell unser 30-j\u00e4hriges Jubil\u00e4um. Nehmen Sie daran teil und besuchen Sie uns auf unseren Webseiten <a href=\"http:\/\/www.aesthetic-cosmetic.com\/\"><strong>www.aesthetic-cosmetic.com<\/strong><\/a> und auf <a href=\"http:\/\/www.shop.depilation.de\/\"><strong>www.depilation.de<\/strong><\/a>.<\/p>\n<p><a href=\"https:\/\/www.aesthetic-cosmetic.com\/blog\/wp-content\/uploads\/2016\/09\/acHausIhringen.jpg\" rel=\"attachment wp-att-1769\"><img loading=\"lazy\" decoding=\"async\" class=\"aligncenter wp-image-1769\" src=\"https:\/\/www.aesthetic-cosmetic.com\/blog\/wp-content\/uploads\/2016\/09\/acHausIhringen-300x225.jpg\" alt=\"a+cHausIhringen\" width=\"492\" height=\"369\" srcset=\"https:\/\/www.aesthetic-cosmetic.com\/blog\/wp-content\/uploads\/2016\/09\/acHausIhringen-300x225.jpg 300w, https:\/\/www.aesthetic-cosmetic.com\/blog\/wp-content\/uploads\/2016\/09\/acHausIhringen-768x576.jpg 768w, https:\/\/www.aesthetic-cosmetic.com\/blog\/wp-content\/uploads\/2016\/09\/acHausIhringen-1024x768.jpg 1024w\" sizes=\"auto, (max-width: 492px) 100vw, 492px\" \/><\/a><\/p>\n","protected":false},"excerpt":{"rendered":"<p>September vor 30 Jahren wurde unsere GmbH gegr\u00fcndet und Oktober 1986 er\u00f6ffneten wir die ersten Gesch\u00e4ftsr\u00e4ume in der Bismarckstra\u00dfe in Waldshut-Tiengen. Begonnen hat unsere Kosmetikschule mit dem Fernlehrgang zur Kosmetikerin mit Praxisanteilen. Schon damals besa\u00dfen wir die staatliche Zulassung. &#8222;Junggeblieben&#8220; haben wir den Kosmetikerin-Fernlehrgang um weitere 8 Fernstudieng\u00e4nge erweitert, viele Seminare hinzugef\u00fcgt und das Tochterunternehmen [&hellip;]<\/p>\n","protected":false},"author":2,"featured_media":0,"comment_status":"open","ping_status":"open","sticky":false,"template":"","format":"standard","meta":{"footnotes":""},"categories":[1],"tags":[],"class_list":["post-1766","post","type-post","status-publish","format-standard","hentry","category-allgemein"],"_links":{"self":[{"href":"https:\/\/www.aesthetic-cosmetic.com\/blog\/wp-json\/wp\/v2\/posts\/1766","targetHints":{"allow":["GET"]}}],"collection":[{"href":"https:\/\/www.aesthetic-cosmetic.com\/blog\/wp-json\/wp\/v2\/posts"}],"about":[{"href":"https:\/\/www.aesthetic-cosmetic.com\/blog\/wp-json\/wp\/v2\/types\/post"}],"author":[{"embeddable":true,"href":"https:\/\/www.aesthetic-cosmetic.com\/blog\/wp-json\/wp\/v2\/users\/2"}],"replies":[{"embeddable":true,"href":"https:\/\/www.aesthetic-cosmetic.com\/blog\/wp-json\/wp\/v2\/comments?post=1766"}],"version-history":[{"count":4,"href":"https:\/\/www.aesthetic-cosmetic.com\/blog\/wp-json\/wp\/v2\/posts\/1766\/revisions"}],"predecessor-version":[{"id":1773,"href":"https:\/\/www.aesthetic-cosmetic.com\/blog\/wp-json\/wp\/v2\/posts\/1766\/revisions\/1773"}],"wp:attachment":[{"href":"https:\/\/www.aesthetic-cosmetic.com\/blog\/wp-json\/wp\/v2\/media?parent=1766"}],"wp:term":[{"taxonomy":"category","embeddable":true,"href":"https:\/\/www.aesthetic-cosmetic.com\/blog\/wp-json\/wp\/v2\/categories?post=1766"},{"taxonomy":"post_tag","embeddable":true,"href":"https:\/\/www.aesthetic-cosmetic.com\/blog\/wp-json\/wp\/v2\/tags?post=1766"}],"curies":[{"name":"wp","href":"https:\/\/api.w.org\/{rel}","templated":true}]}}