{"id":1762,"date":"2016-08-22T16:50:05","date_gmt":"2016-08-22T14:50:05","guid":{"rendered":"http:\/\/www.aesthetic-cosmetic.com\/blog\/?p=1762"},"modified":"2016-08-22T16:50:05","modified_gmt":"2016-08-22T14:50:05","slug":"videoproduktion-an-der-kosmetikschule","status":"publish","type":"post","link":"https:\/\/www.aesthetic-cosmetic.com\/blog\/2016\/08\/videoproduktion-an-der-kosmetikschule\/","title":{"rendered":"Videoproduktion an der Kosmetikschule"},"content":{"rendered":"<p>Shireen, Eliza und HPG haben die Ferienzeit &#8222;sinnvoll&#8220; genutzt, um mit Karacho Film die noch ausstehenden Aufnahmen in den Gesch\u00e4ftsr\u00e4umen von aesthetic + cosmetic zu vollenden.<\/p>\n<p>W\u00e4hrend die Seminare f\u00fcr die <a href=\"http:\/\/www.aesthetic-cosmetic.com\/make-up-fachfrau-mann-visagist-in.html\"><strong>Make-up Fachfrau in Ausbildung<\/strong><\/a>, bzw. die angehenden Visagisten bei der Arbeit, bereits letztes Jahr gefilmt wurden, war jetzt &#8222;der Ton&#8220; mit den Erl\u00e4uterungen f\u00fcr unsere <a href=\"http:\/\/www.aesthetic-cosmetic.com\/ausbildung-zur-kosmetikerin-kosmetikschule-bei-freiburg.html\"><strong>Kosmetikschule<\/strong><\/a> und unsere weiteren <a href=\"http:\/\/www.aesthetic-cosmetic.com\/\"><strong>Lehrg\u00e4nge in Wellness und Beauty<\/strong><\/a> an der Reihe.<\/p>\n<p><a href=\"https:\/\/www.aesthetic-cosmetic.com\/blog\/wp-content\/uploads\/2016\/08\/Aufnahme01ac.jpg\" rel=\"attachment wp-att-1763\"><img loading=\"lazy\" decoding=\"async\" class=\"aligncenter size-medium wp-image-1763\" src=\"https:\/\/www.aesthetic-cosmetic.com\/blog\/wp-content\/uploads\/2016\/08\/Aufnahme01ac-225x300.jpg\" alt=\"Aufnahme01a+c]\" width=\"225\" height=\"300\" srcset=\"https:\/\/www.aesthetic-cosmetic.com\/blog\/wp-content\/uploads\/2016\/08\/Aufnahme01ac-225x300.jpg 225w, https:\/\/www.aesthetic-cosmetic.com\/blog\/wp-content\/uploads\/2016\/08\/Aufnahme01ac-768x1024.jpg 768w, https:\/\/www.aesthetic-cosmetic.com\/blog\/wp-content\/uploads\/2016\/08\/Aufnahme01ac.jpg 1200w\" sizes=\"auto, (max-width: 225px) 100vw, 225px\" \/><\/a><\/p>\n<p>Obwohl mit Arbeit verbunden, s&#8217;hat trotzdem Spa\u00df g&#8217;macht. Das Ergebnis d\u00fcrfte in wenigen Monaten auf Youtube und unseren Webseiten zu sehen sein.<\/p>\n","protected":false},"excerpt":{"rendered":"<p>Shireen, Eliza und HPG haben die Ferienzeit &#8222;sinnvoll&#8220; genutzt, um mit Karacho Film die noch ausstehenden Aufnahmen in den Gesch\u00e4ftsr\u00e4umen von aesthetic + cosmetic zu vollenden. W\u00e4hrend die Seminare f\u00fcr die Make-up Fachfrau in Ausbildung, bzw. die angehenden Visagisten bei der Arbeit, bereits letztes Jahr gefilmt wurden, war jetzt &#8222;der Ton&#8220; mit den Erl\u00e4uterungen f\u00fcr [&hellip;]<\/p>\n","protected":false},"author":2,"featured_media":0,"comment_status":"open","ping_status":"open","sticky":false,"template":"","format":"standard","meta":{"footnotes":""},"categories":[1,41,42,64,59,13],"tags":[],"class_list":["post-1762","post","type-post","status-publish","format-standard","hentry","category-allgemein","category-ausbildung","category-kosmetik","category-shireen","category-visagismus-make-up","category-wellness"],"_links":{"self":[{"href":"https:\/\/www.aesthetic-cosmetic.com\/blog\/wp-json\/wp\/v2\/posts\/1762","targetHints":{"allow":["GET"]}}],"collection":[{"href":"https:\/\/www.aesthetic-cosmetic.com\/blog\/wp-json\/wp\/v2\/posts"}],"about":[{"href":"https:\/\/www.aesthetic-cosmetic.com\/blog\/wp-json\/wp\/v2\/types\/post"}],"author":[{"embeddable":true,"href":"https:\/\/www.aesthetic-cosmetic.com\/blog\/wp-json\/wp\/v2\/users\/2"}],"replies":[{"embeddable":true,"href":"https:\/\/www.aesthetic-cosmetic.com\/blog\/wp-json\/wp\/v2\/comments?post=1762"}],"version-history":[{"count":1,"href":"https:\/\/www.aesthetic-cosmetic.com\/blog\/wp-json\/wp\/v2\/posts\/1762\/revisions"}],"predecessor-version":[{"id":1764,"href":"https:\/\/www.aesthetic-cosmetic.com\/blog\/wp-json\/wp\/v2\/posts\/1762\/revisions\/1764"}],"wp:attachment":[{"href":"https:\/\/www.aesthetic-cosmetic.com\/blog\/wp-json\/wp\/v2\/media?parent=1762"}],"wp:term":[{"taxonomy":"category","embeddable":true,"href":"https:\/\/www.aesthetic-cosmetic.com\/blog\/wp-json\/wp\/v2\/categories?post=1762"},{"taxonomy":"post_tag","embeddable":true,"href":"https:\/\/www.aesthetic-cosmetic.com\/blog\/wp-json\/wp\/v2\/tags?post=1762"}],"curies":[{"name":"wp","href":"https:\/\/api.w.org\/{rel}","templated":true}]}}