{"id":1755,"date":"2016-08-14T13:40:32","date_gmt":"2016-08-14T11:40:32","guid":{"rendered":"http:\/\/www.aesthetic-cosmetic.com\/blog\/?p=1755"},"modified":"2016-08-14T13:45:24","modified_gmt":"2016-08-14T11:45:24","slug":"weiterbildung-zur-kosmetikerin-am-strand","status":"publish","type":"post","link":"https:\/\/www.aesthetic-cosmetic.com\/blog\/2016\/08\/weiterbildung-zur-kosmetikerin-am-strand\/","title":{"rendered":"Weiterbildung zur Kosmetikerin am Strand?"},"content":{"rendered":"<p>Ein Anruf einer Fernschulteilnehmerin am Lehrgang <a href=\"http:\/\/www.aesthetic-cosmetic.com\/ausbildung-zur-kosmetikerin-kosmetikschule-bei-freiburg.html\"><strong>Ausbildung zu Kosmetikerin<\/strong><\/a> aus Slano, adriatische K\u00fcste in Kroatien: Sie ben\u00f6tigt konkrete Hilfe f\u00fcr die Vorbereitung zur Pr\u00fcfung und zur Vorbereitung der kosmetischen Praxis. Durchgef\u00fchrt: telefonisch Details gekl\u00e4rt, Einzelheiten per e-Mail erl\u00e4utert!<\/p>\n<figure id=\"attachment_1757\" aria-describedby=\"caption-attachment-1757\" style=\"width: 200px\" class=\"wp-caption aligncenter\"><a href=\"https:\/\/www.aesthetic-cosmetic.com\/blog\/wp-content\/uploads\/2016\/08\/Fotolia_12998826_S_Sch\u00f6nheitAusDemMeer.jpg\" rel=\"attachment wp-att-1757\"><img loading=\"lazy\" decoding=\"async\" class=\"size-medium wp-image-1757\" src=\"https:\/\/www.aesthetic-cosmetic.com\/blog\/wp-content\/uploads\/2016\/08\/Fotolia_12998826_S_Sch\u00f6nheitAusDemMeer-200x300.jpg\" alt=\"Smiling young woman wearing a straw hat and having fun at the beach\" width=\"200\" height=\"300\" srcset=\"https:\/\/www.aesthetic-cosmetic.com\/blog\/wp-content\/uploads\/2016\/08\/Fotolia_12998826_S_Sch\u00f6nheitAusDemMeer-200x300.jpg 200w, https:\/\/www.aesthetic-cosmetic.com\/blog\/wp-content\/uploads\/2016\/08\/Fotolia_12998826_S_Sch\u00f6nheitAusDemMeer.jpg 566w\" sizes=\"auto, (max-width: 200px) 100vw, 200px\" \/><\/a><figcaption id=\"caption-attachment-1757\" class=\"wp-caption-text\">Smiling young woman &#8230; having fun at the beach &#8211; Fotalia_12998826<\/figcaption><\/figure>\n<p>W\u00e4hrend des Strandurlaubs den K\u00f6rper entspannen und gleichzeitig frischen Wind f\u00fcr Deinen Geist sp\u00fcren, dies ist m\u00f6glich durch unsere staatlich zugelassenen <a href=\"http:\/\/www.aesthetic-cosmetic.com\/\"><strong>Fernlehrg\u00e4nge oder e-Learning-Programme im Kosmetik- und Wellnessbereich<\/strong><\/a>.<\/p>\n<p>Egal, wo Du Dich befindest, wir lassen Dich <strong>niiiiiieeeee<\/strong> im Stich!<\/p>\n","protected":false},"excerpt":{"rendered":"<p>Ein Anruf einer Fernschulteilnehmerin am Lehrgang Ausbildung zu Kosmetikerin aus Slano, adriatische K\u00fcste in Kroatien: Sie ben\u00f6tigt konkrete Hilfe f\u00fcr die Vorbereitung zur Pr\u00fcfung und zur Vorbereitung der kosmetischen Praxis. Durchgef\u00fchrt: telefonisch Details gekl\u00e4rt, Einzelheiten per e-Mail erl\u00e4utert! W\u00e4hrend des Strandurlaubs den K\u00f6rper entspannen und gleichzeitig frischen Wind f\u00fcr Deinen Geist sp\u00fcren, dies ist m\u00f6glich [&hellip;]<\/p>\n","protected":false},"author":2,"featured_media":0,"comment_status":"open","ping_status":"open","sticky":false,"template":"","format":"standard","meta":{"footnotes":""},"categories":[1,41,3,42,7,27,13],"tags":[],"class_list":["post-1755","post","type-post","status-publish","format-standard","hentry","category-allgemein","category-ausbildung","category-fernunterricht","category-kosmetik","category-kosmetikerin","category-kurseseminare","category-wellness"],"_links":{"self":[{"href":"https:\/\/www.aesthetic-cosmetic.com\/blog\/wp-json\/wp\/v2\/posts\/1755","targetHints":{"allow":["GET"]}}],"collection":[{"href":"https:\/\/www.aesthetic-cosmetic.com\/blog\/wp-json\/wp\/v2\/posts"}],"about":[{"href":"https:\/\/www.aesthetic-cosmetic.com\/blog\/wp-json\/wp\/v2\/types\/post"}],"author":[{"embeddable":true,"href":"https:\/\/www.aesthetic-cosmetic.com\/blog\/wp-json\/wp\/v2\/users\/2"}],"replies":[{"embeddable":true,"href":"https:\/\/www.aesthetic-cosmetic.com\/blog\/wp-json\/wp\/v2\/comments?post=1755"}],"version-history":[{"count":2,"href":"https:\/\/www.aesthetic-cosmetic.com\/blog\/wp-json\/wp\/v2\/posts\/1755\/revisions"}],"predecessor-version":[{"id":1760,"href":"https:\/\/www.aesthetic-cosmetic.com\/blog\/wp-json\/wp\/v2\/posts\/1755\/revisions\/1760"}],"wp:attachment":[{"href":"https:\/\/www.aesthetic-cosmetic.com\/blog\/wp-json\/wp\/v2\/media?parent=1755"}],"wp:term":[{"taxonomy":"category","embeddable":true,"href":"https:\/\/www.aesthetic-cosmetic.com\/blog\/wp-json\/wp\/v2\/categories?post=1755"},{"taxonomy":"post_tag","embeddable":true,"href":"https:\/\/www.aesthetic-cosmetic.com\/blog\/wp-json\/wp\/v2\/tags?post=1755"}],"curies":[{"name":"wp","href":"https:\/\/api.w.org\/{rel}","templated":true}]}}