{"id":1747,"date":"2016-06-22T10:49:13","date_gmt":"2016-06-22T08:49:13","guid":{"rendered":"http:\/\/www.aesthetic-cosmetic.com\/blog\/?p=1747"},"modified":"2016-06-22T10:53:45","modified_gmt":"2016-06-22T08:53:45","slug":"die-make-up-fachfrauvisagistin-leben-als-karriere","status":"publish","type":"post","link":"https:\/\/www.aesthetic-cosmetic.com\/blog\/2016\/06\/die-make-up-fachfrauvisagistin-leben-als-karriere\/","title":{"rendered":"Die Make-up Fachfrau\/Visagistin: Leben als Karriere"},"content":{"rendered":"<p>Leben, um zu arbeiten, ist nicht das Ziel unserer frischgebackenen Absolventen als <a href=\"http:\/\/www.aesthetic-cosmetic.com\/make-up-fachfrau-mann-visagist-in.html\"><strong>Make-up Fachfrau, Visagistin und Farb-, Stilberaterin<\/strong><\/a>.<\/p>\n<figure id=\"attachment_1748\" aria-describedby=\"caption-attachment-1748\" style=\"width: 407px\" class=\"wp-caption aligncenter\"><a href=\"https:\/\/www.aesthetic-cosmetic.com\/blog\/wp-content\/uploads\/2016\/06\/P1000424.jpg\" rel=\"attachment wp-att-1748\"><img loading=\"lazy\" decoding=\"async\" class=\"wp-image-1748\" src=\"https:\/\/www.aesthetic-cosmetic.com\/blog\/wp-content\/uploads\/2016\/06\/P1000424-300x225.jpg\" alt=\"\" width=\"407\" height=\"305\" srcset=\"https:\/\/www.aesthetic-cosmetic.com\/blog\/wp-content\/uploads\/2016\/06\/P1000424-300x225.jpg 300w, https:\/\/www.aesthetic-cosmetic.com\/blog\/wp-content\/uploads\/2016\/06\/P1000424-768x576.jpg 768w, https:\/\/www.aesthetic-cosmetic.com\/blog\/wp-content\/uploads\/2016\/06\/P1000424-1024x768.jpg 1024w\" sizes=\"auto, (max-width: 407px) 100vw, 407px\" \/><\/a><figcaption id=\"caption-attachment-1748\" class=\"wp-caption-text\">Make-up Fachfrau &#8211; Visagistin &#8211; Farb-, Stilberaterin aesthetic + cosmetic, Juni 2016<\/figcaption><\/figure>\n<p>Selbstbewusst k\u00f6nnen sie nach dem Motto &#8222;Freudig Leben und Karriere&#8220; in die Selbstst\u00e4ndigkeit gehen. Wer die <a href=\"http:\/\/www.aesthetic-cosmetic.com\/make-up-fachfrau-mann-visagist-in.html\"><strong>Ausbildung zur Make-up Fachfrau, Visagistin und Farb-, Stilberaterin<\/strong><\/a> durchf\u00fchrt, setzt die Priorit\u00e4ten auf die kreative, pers\u00f6nliche Entwicklung, interessante und abwechslungsreiche Aufgaben, aber auch auf die Karriere. Leben, um zu arbeiten, ist ein absoutes No-Go.<\/p>\n<p>Hast Du auch Interesse? Erkundige Dich \u00fcber unseren <strong>staatlich zugelassenen Lehrgang zur Make-up Fachfrau, Visagistin und Farb-, Stilberaterin<\/strong> im mediengest\u00fctzten Lernen, bestehend aus Fernunterricht, e-Learning und Praxisseminaren, und dies nebenberuflich.<\/p>\n<p>Tel. 07668 99512-0.<\/p>\n<p>Lass Deine Tr\u00e4ume wahr werden!<\/p>\n<p>&nbsp;<\/p>\n","protected":false},"excerpt":{"rendered":"<p>Leben, um zu arbeiten, ist nicht das Ziel unserer frischgebackenen Absolventen als Make-up Fachfrau, Visagistin und Farb-, Stilberaterin. Selbstbewusst k\u00f6nnen sie nach dem Motto &#8222;Freudig Leben und Karriere&#8220; in die Selbstst\u00e4ndigkeit gehen. Wer die Ausbildung zur Make-up Fachfrau, Visagistin und Farb-, Stilberaterin durchf\u00fchrt, setzt die Priorit\u00e4ten auf die kreative, pers\u00f6nliche Entwicklung, interessante und abwechslungsreiche Aufgaben, [&hellip;]<\/p>\n","protected":false},"author":2,"featured_media":0,"comment_status":"open","ping_status":"open","sticky":false,"template":"","format":"standard","meta":{"footnotes":""},"categories":[1,41,3,42,7,27,59],"tags":[],"class_list":["post-1747","post","type-post","status-publish","format-standard","hentry","category-allgemein","category-ausbildung","category-fernunterricht","category-kosmetik","category-kosmetikerin","category-kurseseminare","category-visagismus-make-up"],"_links":{"self":[{"href":"https:\/\/www.aesthetic-cosmetic.com\/blog\/wp-json\/wp\/v2\/posts\/1747","targetHints":{"allow":["GET"]}}],"collection":[{"href":"https:\/\/www.aesthetic-cosmetic.com\/blog\/wp-json\/wp\/v2\/posts"}],"about":[{"href":"https:\/\/www.aesthetic-cosmetic.com\/blog\/wp-json\/wp\/v2\/types\/post"}],"author":[{"embeddable":true,"href":"https:\/\/www.aesthetic-cosmetic.com\/blog\/wp-json\/wp\/v2\/users\/2"}],"replies":[{"embeddable":true,"href":"https:\/\/www.aesthetic-cosmetic.com\/blog\/wp-json\/wp\/v2\/comments?post=1747"}],"version-history":[{"count":4,"href":"https:\/\/www.aesthetic-cosmetic.com\/blog\/wp-json\/wp\/v2\/posts\/1747\/revisions"}],"predecessor-version":[{"id":1752,"href":"https:\/\/www.aesthetic-cosmetic.com\/blog\/wp-json\/wp\/v2\/posts\/1747\/revisions\/1752"}],"wp:attachment":[{"href":"https:\/\/www.aesthetic-cosmetic.com\/blog\/wp-json\/wp\/v2\/media?parent=1747"}],"wp:term":[{"taxonomy":"category","embeddable":true,"href":"https:\/\/www.aesthetic-cosmetic.com\/blog\/wp-json\/wp\/v2\/categories?post=1747"},{"taxonomy":"post_tag","embeddable":true,"href":"https:\/\/www.aesthetic-cosmetic.com\/blog\/wp-json\/wp\/v2\/tags?post=1747"}],"curies":[{"name":"wp","href":"https:\/\/api.w.org\/{rel}","templated":true}]}}